{"id":620,"date":"2023-07-18T14:30:00","date_gmt":"2023-07-18T19:30:00","guid":{"rendered":"https:\/\/panakobeconsulate.jp\/?p=620"},"modified":"2023-08-25T14:43:03","modified_gmt":"2023-08-25T19:43:03","slug":"congratulations-to-mr-arsenio-dominguez-the-first-latinamerican-and-panamanian-to-be-elected-secretary-general-of-the-international-maritime-organization-imo","status":"publish","type":"post","link":"https:\/\/panakobeconsulate.jp\/es\/congratulations-to-mr-arsenio-dominguez-the-first-latinamerican-and-panamanian-to-be-elected-secretary-general-of-the-international-maritime-organization-imo\/","title":{"rendered":"Felicitaciones al Sr. Arsenio Dom\u00ednguez, el primer latinoamericano y paname\u00f1o en ser elegido Secretario General de la Organizaci\u00f3n Mar\u00edtima Internacional (OMI)"},"content":{"rendered":"<p>\u201c\u00a1Hoy hacemos historia! Por primera vez un latinoamericano y un paname\u00f1o liderar\u00e1n la Organizaci\u00f3n Mar\u00edtima Internacional @imo_hq. \u00a1Felicitaciones Arsenio por este logro! Es un logro suyo y de toda una regi\u00f3n. Estamos seguros de que estar\u00e1 a la altura de las exigencias del puesto. Gracias a la comunidad internacional por depositar su confianza en este paname\u00f1o. \u00a1Avancemos!<br>Agradezco la gesti\u00f3n y trabajo en equipo de la Embajadora Natalia Royo y funcionarios de @EmbPanamaGbr, Luis Bernal, Embajador y Representante Permanente de Panam\u00e1 ante la OMI, el equipo de candidatos de la Direcci\u00f3n de Organismos y Conferencias Internacionales de @CancilleriaPma, Noriel Ara\u00faz, y personal de @AMP_Panam\u00e1\u201d.<\/p>","protected":false},"excerpt":{"rendered":"<p>\u201c\u00a1Hoy hacemos historia! Por primera vez un latinoamericano y un paname\u00f1o liderar\u00e1n la Organizaci\u00f3n Mar\u00edtima Internacional @imo_hq. \u00a1Felicitaciones Arsenio por este logro! Es un logro suyo y de toda una regi\u00f3n. Estamos seguros de que estar\u00e1 a la altura de las exigencias del puesto. Gracias a la comunidad internacional por depositar su confianza en [\u2026]<\/p>","protected":false},"author":1,"featured_media":536,"comment_status":"open","ping_status":"open","sticky":false,"template":"","format":"standard","meta":{"_uf_show_specific_survey":0,"_uf_disable_surveys":false,"site-sidebar-layout":"default","site-content-layout":"","ast-site-content-layout":"default","site-content-style":"default","site-sidebar-style":"default","ast-global-header-display":"","ast-banner-title-visibility":"","ast-main-header-display":"","ast-hfb-above-header-display":"","ast-hfb-below-header-display":"","ast-hfb-mobile-header-display":"","site-post-title":"","ast-breadcrumbs-content":"","ast-featured-img":"","footer-sml-layout":"","ast-disable-related-posts":"","theme-transparent-header-meta":"","adv-header-id-meta":"","stick-header-meta":"","header-above-stick-meta":"","header-main-stick-meta":"","header-below-stick-meta":"","astra-migrate-meta-layouts":"default","ast-page-background-enabled":"default","ast-page-background-meta":{"desktop":{"background-color":"var(--ast-global-color-4)","background-image":"","background-repeat":"repeat","background-position":"center center","background-size":"auto","background-attachment":"scroll","background-type":"","background-media":"","overlay-type":"","overlay-color":"","overlay-opacity":"","overlay-gradient":""},"tablet":{"background-color":"","background-image":"","background-repeat":"repeat","background-position":"center center","background-size":"auto","background-attachment":"scroll","background-type":"","background-media":"","overlay-type":"","overlay-color":"","overlay-opacity":"","overlay-gradient":""},"mobile":{"background-color":"","background-image":"","background-repeat":"repeat","background-position":"center center","background-size":"auto","background-attachment":"scroll","background-type":"","background-media":"","overlay-type":"","overlay-color":"","overlay-opacity":"","overlay-gradient":""}},"ast-content-background-meta":{"desktop":{"background-color":"var(--ast-global-color-5)","background-image":"","background-repeat":"repeat","background-position":"center center","background-size":"auto","background-attachment":"scroll","background-type":"","background-media":"","overlay-type":"","overlay-color":"","overlay-opacity":"","overlay-gradient":""},"tablet":{"background-color":"var(--ast-global-color-5)","background-image":"","background-repeat":"repeat","background-position":"center center","background-size":"auto","background-attachment":"scroll","background-type":"","background-media":"","overlay-type":"","overlay-color":"","overlay-opacity":"","overlay-gradient":""},"mobile":{"background-color":"var(--ast-global-color-5)","background-image":"","background-repeat":"repeat","background-position":"center center","background-size":"auto","background-attachment":"scroll","background-type":"","background-media":"","overlay-type":"","overlay-color":"","overlay-opacity":"","overlay-gradient":""}},"footnotes":""},"categories":[1],"tags":[],"class_list":["post-620","post","type-post","status-publish","format-standard","has-post-thumbnail","hentry","category-consulate-news"],"yoast_head":"<!-- This site is optimized with the Yoast SEO Premium plugin v26.5 (Yoast SEO v26.5) - https:\/\/yoast.com\/wordpress\/plugins\/seo\/ -->\n<title>Congratulations to Mr. Arsenio Dominguez, the first latinamerican and Panamanian to be elected Secretary General of the International Maritime Organization (IMO) - Consulado General de Panama en Kobe, Jap\u00f3n<\/title>\n<meta name=\"robots\" content=\"index, follow, max-snippet:-1, max-image-preview:large, max-video-preview:-1\" \/>\n<link rel=\"canonical\" href=\"https:\/\/panakobeconsulate.jp\/es\/congratulations-to-mr-arsenio-dominguez-the-first-latinamerican-and-panamanian-to-be-elected-secretary-general-of-the-international-maritime-organization-imo\/\" \/>\n<meta property=\"og:locale\" content=\"es_ES\" \/>\n<meta property=\"og:type\" content=\"article\" \/>\n<meta property=\"og:title\" content=\"Congratulations to Mr. Arsenio Dominguez, the first latinamerican and Panamanian to be elected Secretary General of the International Maritime Organization (IMO)\" \/>\n<meta property=\"og:description\" content=\"&#8220;Today we make history! For the first time, a Latin American and Panamanian will lead the International Maritime Organization @imo_hq. Congratulations Arsenio for this achievement! It&#8217;s yours and an entire region&#8217;s accomplishment. We are confident that you will rise to the demands of the position. Thanks to the international community for placing their trust in [&hellip;]\" \/>\n<meta property=\"og:url\" content=\"https:\/\/panakobeconsulate.jp\/es\/congratulations-to-mr-arsenio-dominguez-the-first-latinamerican-and-panamanian-to-be-elected-secretary-general-of-the-international-maritime-organization-imo\/\" \/>\n<meta property=\"og:site_name\" content=\"Consulado General de Panama en Kobe, Jap\u00f3n\" \/>\n<meta property=\"article:published_time\" content=\"2023-07-18T19:30:00+00:00\" \/>\n<meta property=\"article:modified_time\" content=\"2023-08-25T19:43:03+00:00\" \/>\n<meta property=\"og:image\" content=\"https:\/\/panakobeconsulate.jp\/wp-content\/uploads\/2023\/08\/100.jpg\" \/>\n\t<meta property=\"og:image:width\" content=\"1440\" \/>\n\t<meta property=\"og:image:height\" content=\"810\" \/>\n\t<meta property=\"og:image:type\" content=\"image\/jpeg\" \/>\n<meta name=\"author\" content=\"jferrada\" \/>\n<meta name=\"twitter:card\" content=\"summary_large_image\" \/>\n<meta name=\"twitter:label1\" content=\"Escrito por\" \/>\n\t<meta name=\"twitter:data1\" content=\"jferrada\" \/>\n\t<meta name=\"twitter:label2\" content=\"Tiempo de lectura\" \/>\n\t<meta name=\"twitter:data2\" content=\"1 minuto\" \/>\n<script type=\"application\/ld+json\" class=\"yoast-schema-graph\">{\"@context\":\"https:\/\/schema.org\",\"@graph\":[{\"@type\":\"Article\",\"@id\":\"https:\/\/panakobeconsulate.jp\/congratulations-to-mr-arsenio-dominguez-the-first-latinamerican-and-panamanian-to-be-elected-secretary-general-of-the-international-maritime-organization-imo\/#article\",\"isPartOf\":{\"@id\":\"https:\/\/panakobeconsulate.jp\/congratulations-to-mr-arsenio-dominguez-the-first-latinamerican-and-panamanian-to-be-elected-secretary-general-of-the-international-maritime-organization-imo\/\"},\"author\":{\"name\":\"jferrada\",\"@id\":\"https:\/\/panakobeconsulate.jp\/ja\/#\/schema\/person\/367c3fc104e92f2878ce74a873af70fb\"},\"headline\":\"Congratulations to Mr. Arsenio Dominguez, the first latinamerican and Panamanian to be elected Secretary General of the International Maritime Organization (IMO)\",\"datePublished\":\"2023-07-18T19:30:00+00:00\",\"dateModified\":\"2023-08-25T19:43:03+00:00\",\"mainEntityOfPage\":{\"@id\":\"https:\/\/panakobeconsulate.jp\/congratulations-to-mr-arsenio-dominguez-the-first-latinamerican-and-panamanian-to-be-elected-secretary-general-of-the-international-maritime-organization-imo\/\"},\"wordCount\":132,\"commentCount\":0,\"publisher\":{\"@id\":\"https:\/\/panakobeconsulate.jp\/ja\/#organization\"},\"image\":{\"@id\":\"https:\/\/panakobeconsulate.jp\/congratulations-to-mr-arsenio-dominguez-the-first-latinamerican-and-panamanian-to-be-elected-secretary-general-of-the-international-maritime-organization-imo\/#primaryimage\"},\"thumbnailUrl\":\"https:\/\/panakobeconsulate.jp\/wp-content\/uploads\/2023\/08\/100.jpg\",\"articleSection\":[\"CONSULATE NEWS\"],\"inLanguage\":\"es\"},{\"@type\":\"WebPage\",\"@id\":\"https:\/\/panakobeconsulate.jp\/congratulations-to-mr-arsenio-dominguez-the-first-latinamerican-and-panamanian-to-be-elected-secretary-general-of-the-international-maritime-organization-imo\/\",\"url\":\"https:\/\/panakobeconsulate.jp\/congratulations-to-mr-arsenio-dominguez-the-first-latinamerican-and-panamanian-to-be-elected-secretary-general-of-the-international-maritime-organization-imo\/\",\"name\":\"Congratulations to Mr. Arsenio Dominguez, the first latinamerican and Panamanian to be elected Secretary General of the International Maritime Organization (IMO) - Consulado General de Panama en Kobe, Jap\u00f3n\",\"isPartOf\":{\"@id\":\"https:\/\/panakobeconsulate.jp\/ja\/#website\"},\"primaryImageOfPage\":{\"@id\":\"https:\/\/panakobeconsulate.jp\/congratulations-to-mr-arsenio-dominguez-the-first-latinamerican-and-panamanian-to-be-elected-secretary-general-of-the-international-maritime-organization-imo\/#primaryimage\"},\"image\":{\"@id\":\"https:\/\/panakobeconsulate.jp\/congratulations-to-mr-arsenio-dominguez-the-first-latinamerican-and-panamanian-to-be-elected-secretary-general-of-the-international-maritime-organization-imo\/#primaryimage\"},\"thumbnailUrl\":\"https:\/\/panakobeconsulate.jp\/wp-content\/uploads\/2023\/08\/100.jpg\",\"datePublished\":\"2023-07-18T19:30:00+00:00\",\"dateModified\":\"2023-08-25T19:43:03+00:00\",\"breadcrumb\":{\"@id\":\"https:\/\/panakobeconsulate.jp\/congratulations-to-mr-arsenio-dominguez-the-first-latinamerican-and-panamanian-to-be-elected-secretary-general-of-the-international-maritime-organization-imo\/#breadcrumb\"},\"inLanguage\":\"es\",\"potentialAction\":[{\"@type\":\"ReadAction\",\"target\":[\"https:\/\/panakobeconsulate.jp\/congratulations-to-mr-arsenio-dominguez-the-first-latinamerican-and-panamanian-to-be-elected-secretary-general-of-the-international-maritime-organization-imo\/\"]}]},{\"@type\":\"ImageObject\",\"inLanguage\":\"es\",\"@id\":\"https:\/\/panakobeconsulate.jp\/congratulations-to-mr-arsenio-dominguez-the-first-latinamerican-and-panamanian-to-be-elected-secretary-general-of-the-international-maritime-organization-imo\/#primaryimage\",\"url\":\"https:\/\/panakobeconsulate.jp\/wp-content\/uploads\/2023\/08\/100.jpg\",\"contentUrl\":\"https:\/\/panakobeconsulate.jp\/wp-content\/uploads\/2023\/08\/100.jpg\",\"width\":1440,\"height\":810,\"caption\":\"Congratulations to Mr. Arsenio Dominguez, the first latinamerican and Panamanian \ud83c\uddf5\ud83c\udde6 to be elected Secretary General of the International Maritime Organization (IMO).\"},{\"@type\":\"BreadcrumbList\",\"@id\":\"https:\/\/panakobeconsulate.jp\/congratulations-to-mr-arsenio-dominguez-the-first-latinamerican-and-panamanian-to-be-elected-secretary-general-of-the-international-maritime-organization-imo\/#breadcrumb\",\"itemListElement\":[{\"@type\":\"ListItem\",\"position\":1,\"name\":\"Portada\",\"item\":\"https:\/\/panakobeconsulate.jp\/ja\/\"},{\"@type\":\"ListItem\",\"position\":2,\"name\":\"Congratulations to Mr. Arsenio Dominguez, the first latinamerican and Panamanian to be elected Secretary General of the International Maritime Organization (IMO)\"}]},{\"@type\":\"WebSite\",\"@id\":\"https:\/\/panakobeconsulate.jp\/ja\/#website\",\"url\":\"https:\/\/panakobeconsulate.jp\/ja\/\",\"name\":\"Consulado General de Panama en Kobe, Jap\u00f3n\",\"description\":\"Consulado Panama\",\"publisher\":{\"@id\":\"https:\/\/panakobeconsulate.jp\/ja\/#organization\"},\"potentialAction\":[{\"@type\":\"SearchAction\",\"target\":{\"@type\":\"EntryPoint\",\"urlTemplate\":\"https:\/\/panakobeconsulate.jp\/ja\/?s={search_term_string}\"},\"query-input\":{\"@type\":\"PropertyValueSpecification\",\"valueRequired\":true,\"valueName\":\"search_term_string\"}}],\"inLanguage\":\"es\"},{\"@type\":\"Organization\",\"@id\":\"https:\/\/panakobeconsulate.jp\/ja\/#organization\",\"name\":\"Consulado General de Panama en Kobe, Jap\u00f3n\",\"url\":\"https:\/\/panakobeconsulate.jp\/ja\/\",\"logo\":{\"@type\":\"ImageObject\",\"inLanguage\":\"es\",\"@id\":\"https:\/\/panakobeconsulate.jp\/ja\/#\/schema\/logo\/image\/\",\"url\":\"https:\/\/panakobeconsulate.jp\/wp-content\/uploads\/2023\/08\/LOGO-MINREX-150.png\",\"contentUrl\":\"https:\/\/panakobeconsulate.jp\/wp-content\/uploads\/2023\/08\/LOGO-MINREX-150.png\",\"width\":518,\"height\":150,\"caption\":\"Consulado General de Panama en Kobe, Jap\u00f3n\"},\"image\":{\"@id\":\"https:\/\/panakobeconsulate.jp\/ja\/#\/schema\/logo\/image\/\"}},{\"@type\":\"Person\",\"@id\":\"https:\/\/panakobeconsulate.jp\/ja\/#\/schema\/person\/367c3fc104e92f2878ce74a873af70fb\",\"name\":\"jferrada\",\"image\":{\"@type\":\"ImageObject\",\"inLanguage\":\"es\",\"@id\":\"https:\/\/panakobeconsulate.jp\/ja\/#\/schema\/person\/image\/\",\"url\":\"https:\/\/secure.gravatar.com\/avatar\/15a972c1a8b4626419cd73d9b6169d333417b1199613ad72ef45fca17745308b?s=96&d=mm&r=g\",\"contentUrl\":\"https:\/\/secure.gravatar.com\/avatar\/15a972c1a8b4626419cd73d9b6169d333417b1199613ad72ef45fca17745308b?s=96&d=mm&r=g\",\"caption\":\"jferrada\"},\"sameAs\":[\"https:\/\/panakobeconsulate.jp\"],\"url\":\"https:\/\/panakobeconsulate.jp\/es\/author\/jferrada\/\"}]}<\/script>\n<!-- \/ Yoast SEO Premium plugin. -->","yoast_head_json":{"title":"Congratulations to Mr. Arsenio Dominguez, the first latinamerican and Panamanian to be elected Secretary General of the International Maritime Organization (IMO) - Consulado General de Panama en Kobe, Jap\u00f3n","robots":{"index":"index","follow":"follow","max-snippet":"max-snippet:-1","max-image-preview":"max-image-preview:large","max-video-preview":"max-video-preview:-1"},"canonical":"https:\/\/panakobeconsulate.jp\/es\/congratulations-to-mr-arsenio-dominguez-the-first-latinamerican-and-panamanian-to-be-elected-secretary-general-of-the-international-maritime-organization-imo\/","og_locale":"es_ES","og_type":"article","og_title":"Congratulations to Mr. Arsenio Dominguez, the first latinamerican and Panamanian to be elected Secretary General of the International Maritime Organization (IMO)","og_description":"&#8220;Today we make history! For the first time, a Latin American and Panamanian will lead the International Maritime Organization @imo_hq. Congratulations Arsenio for this achievement! It&#8217;s yours and an entire region&#8217;s accomplishment. We are confident that you will rise to the demands of the position. Thanks to the international community for placing their trust in [&hellip;]","og_url":"https:\/\/panakobeconsulate.jp\/es\/congratulations-to-mr-arsenio-dominguez-the-first-latinamerican-and-panamanian-to-be-elected-secretary-general-of-the-international-maritime-organization-imo\/","og_site_name":"Consulado General de Panama en Kobe, Jap\u00f3n","article_published_time":"2023-07-18T19:30:00+00:00","article_modified_time":"2023-08-25T19:43:03+00:00","og_image":[{"width":1440,"height":810,"url":"https:\/\/panakobeconsulate.jp\/wp-content\/uploads\/2023\/08\/100.jpg","type":"image\/jpeg"}],"author":"jferrada","twitter_card":"summary_large_image","twitter_misc":{"Escrito por":"jferrada","Tiempo de lectura":"1 minuto"},"schema":{"@context":"https:\/\/schema.org","@graph":[{"@type":"Article","@id":"https:\/\/panakobeconsulate.jp\/congratulations-to-mr-arsenio-dominguez-the-first-latinamerican-and-panamanian-to-be-elected-secretary-general-of-the-international-maritime-organization-imo\/#article","isPartOf":{"@id":"https:\/\/panakobeconsulate.jp\/congratulations-to-mr-arsenio-dominguez-the-first-latinamerican-and-panamanian-to-be-elected-secretary-general-of-the-international-maritime-organization-imo\/"},"author":{"name":"jferrada","@id":"https:\/\/panakobeconsulate.jp\/ja\/#\/schema\/person\/367c3fc104e92f2878ce74a873af70fb"},"headline":"Congratulations to Mr. Arsenio Dominguez, the first latinamerican and Panamanian to be elected Secretary General of the International Maritime Organization (IMO)","datePublished":"2023-07-18T19:30:00+00:00","dateModified":"2023-08-25T19:43:03+00:00","mainEntityOfPage":{"@id":"https:\/\/panakobeconsulate.jp\/congratulations-to-mr-arsenio-dominguez-the-first-latinamerican-and-panamanian-to-be-elected-secretary-general-of-the-international-maritime-organization-imo\/"},"wordCount":132,"commentCount":0,"publisher":{"@id":"https:\/\/panakobeconsulate.jp\/ja\/#organization"},"image":{"@id":"https:\/\/panakobeconsulate.jp\/congratulations-to-mr-arsenio-dominguez-the-first-latinamerican-and-panamanian-to-be-elected-secretary-general-of-the-international-maritime-organization-imo\/#primaryimage"},"thumbnailUrl":"https:\/\/panakobeconsulate.jp\/wp-content\/uploads\/2023\/08\/100.jpg","articleSection":["CONSULATE NEWS"],"inLanguage":"es"},{"@type":"WebPage","@id":"https:\/\/panakobeconsulate.jp\/congratulations-to-mr-arsenio-dominguez-the-first-latinamerican-and-panamanian-to-be-elected-secretary-general-of-the-international-maritime-organization-imo\/","url":"https:\/\/panakobeconsulate.jp\/congratulations-to-mr-arsenio-dominguez-the-first-latinamerican-and-panamanian-to-be-elected-secretary-general-of-the-international-maritime-organization-imo\/","name":"Congratulations to Mr. Arsenio Dominguez, the first latinamerican and Panamanian to be elected Secretary General of the International Maritime Organization (IMO) - Consulado General de Panama en Kobe, Jap\u00f3n","isPartOf":{"@id":"https:\/\/panakobeconsulate.jp\/ja\/#website"},"primaryImageOfPage":{"@id":"https:\/\/panakobeconsulate.jp\/congratulations-to-mr-arsenio-dominguez-the-first-latinamerican-and-panamanian-to-be-elected-secretary-general-of-the-international-maritime-organization-imo\/#primaryimage"},"image":{"@id":"https:\/\/panakobeconsulate.jp\/congratulations-to-mr-arsenio-dominguez-the-first-latinamerican-and-panamanian-to-be-elected-secretary-general-of-the-international-maritime-organization-imo\/#primaryimage"},"thumbnailUrl":"https:\/\/panakobeconsulate.jp\/wp-content\/uploads\/2023\/08\/100.jpg","datePublished":"2023-07-18T19:30:00+00:00","dateModified":"2023-08-25T19:43:03+00:00","breadcrumb":{"@id":"https:\/\/panakobeconsulate.jp\/congratulations-to-mr-arsenio-dominguez-the-first-latinamerican-and-panamanian-to-be-elected-secretary-general-of-the-international-maritime-organization-imo\/#breadcrumb"},"inLanguage":"es","potentialAction":[{"@type":"ReadAction","target":["https:\/\/panakobeconsulate.jp\/congratulations-to-mr-arsenio-dominguez-the-first-latinamerican-and-panamanian-to-be-elected-secretary-general-of-the-international-maritime-organization-imo\/"]}]},{"@type":"ImageObject","inLanguage":"es","@id":"https:\/\/panakobeconsulate.jp\/congratulations-to-mr-arsenio-dominguez-the-first-latinamerican-and-panamanian-to-be-elected-secretary-general-of-the-international-maritime-organization-imo\/#primaryimage","url":"https:\/\/panakobeconsulate.jp\/wp-content\/uploads\/2023\/08\/100.jpg","contentUrl":"https:\/\/panakobeconsulate.jp\/wp-content\/uploads\/2023\/08\/100.jpg","width":1440,"height":810,"caption":"Congratulations to Mr. Arsenio Dominguez, the first latinamerican and Panamanian \ud83c\uddf5\ud83c\udde6 to be elected Secretary General of the International Maritime Organization (IMO)."},{"@type":"BreadcrumbList","@id":"https:\/\/panakobeconsulate.jp\/congratulations-to-mr-arsenio-dominguez-the-first-latinamerican-and-panamanian-to-be-elected-secretary-general-of-the-international-maritime-organization-imo\/#breadcrumb","itemListElement":[{"@type":"ListItem","position":1,"name":"Portada","item":"https:\/\/panakobeconsulate.jp\/ja\/"},{"@type":"ListItem","position":2,"name":"Congratulations to Mr. Arsenio Dominguez, the first latinamerican and Panamanian to be elected Secretary General of the International Maritime Organization (IMO)"}]},{"@type":"WebSite","@id":"https:\/\/panakobeconsulate.jp\/ja\/#website","url":"https:\/\/panakobeconsulate.jp\/ja\/","name":"Consulado General de Panama en Kobe, Jap\u00f3n","description":"Consulado Panama","publisher":{"@id":"https:\/\/panakobeconsulate.jp\/ja\/#organization"},"potentialAction":[{"@type":"SearchAction","target":{"@type":"EntryPoint","urlTemplate":"https:\/\/panakobeconsulate.jp\/ja\/?s={search_term_string}"},"query-input":{"@type":"PropertyValueSpecification","valueRequired":true,"valueName":"search_term_string"}}],"inLanguage":"es"},{"@type":"Organization","@id":"https:\/\/panakobeconsulate.jp\/ja\/#organization","name":"Consulado General de Panama en Kobe, Jap\u00f3n","url":"https:\/\/panakobeconsulate.jp\/ja\/","logo":{"@type":"ImageObject","inLanguage":"es","@id":"https:\/\/panakobeconsulate.jp\/ja\/#\/schema\/logo\/image\/","url":"https:\/\/panakobeconsulate.jp\/wp-content\/uploads\/2023\/08\/LOGO-MINREX-150.png","contentUrl":"https:\/\/panakobeconsulate.jp\/wp-content\/uploads\/2023\/08\/LOGO-MINREX-150.png","width":518,"height":150,"caption":"Consulado General de Panama en Kobe, Jap\u00f3n"},"image":{"@id":"https:\/\/panakobeconsulate.jp\/ja\/#\/schema\/logo\/image\/"}},{"@type":"Person","@id":"https:\/\/panakobeconsulate.jp\/ja\/#\/schema\/person\/367c3fc104e92f2878ce74a873af70fb","name":"jferrada","image":{"@type":"ImageObject","inLanguage":"es","@id":"https:\/\/panakobeconsulate.jp\/ja\/#\/schema\/person\/image\/","url":"https:\/\/secure.gravatar.com\/avatar\/15a972c1a8b4626419cd73d9b6169d333417b1199613ad72ef45fca17745308b?s=96&d=mm&r=g","contentUrl":"https:\/\/secure.gravatar.com\/avatar\/15a972c1a8b4626419cd73d9b6169d333417b1199613ad72ef45fca17745308b?s=96&d=mm&r=g","caption":"jferrada"},"sameAs":["https:\/\/panakobeconsulate.jp"],"url":"https:\/\/panakobeconsulate.jp\/es\/author\/jferrada\/"}]}},"_links":{"self":[{"href":"https:\/\/panakobeconsulate.jp\/es\/wp-json\/wp\/v2\/posts\/620","targetHints":{"allow":["GET"]}}],"collection":[{"href":"https:\/\/panakobeconsulate.jp\/es\/wp-json\/wp\/v2\/posts"}],"about":[{"href":"https:\/\/panakobeconsulate.jp\/es\/wp-json\/wp\/v2\/types\/post"}],"author":[{"embeddable":true,"href":"https:\/\/panakobeconsulate.jp\/es\/wp-json\/wp\/v2\/users\/1"}],"replies":[{"embeddable":true,"href":"https:\/\/panakobeconsulate.jp\/es\/wp-json\/wp\/v2\/comments?post=620"}],"version-history":[{"count":1,"href":"https:\/\/panakobeconsulate.jp\/es\/wp-json\/wp\/v2\/posts\/620\/revisions"}],"predecessor-version":[{"id":621,"href":"https:\/\/panakobeconsulate.jp\/es\/wp-json\/wp\/v2\/posts\/620\/revisions\/621"}],"wp:featuredmedia":[{"embeddable":true,"href":"https:\/\/panakobeconsulate.jp\/es\/wp-json\/wp\/v2\/media\/536"}],"wp:attachment":[{"href":"https:\/\/panakobeconsulate.jp\/es\/wp-json\/wp\/v2\/media?parent=620"}],"wp:term":[{"taxonomy":"category","embeddable":true,"href":"https:\/\/panakobeconsulate.jp\/es\/wp-json\/wp\/v2\/categories?post=620"},{"taxonomy":"post_tag","embeddable":true,"href":"https:\/\/panakobeconsulate.jp\/es\/wp-json\/wp\/v2\/tags?post=620"}],"curies":[{"name":"wp","href":"https:\/\/api.w.org\/{rel}","templated":true}]}}