{"id":3197,"date":"2025-11-17T23:00:40","date_gmt":"2025-11-17T15:00:40","guid":{"rendered":"https:\/\/panakobeconsulate.jp\/?p=3197"},"modified":"2025-11-17T23:00:41","modified_gmt":"2025-11-17T15:00:41","slug":"official-reception-in-honor-of-president-jose-raul-mulino-as-part-of-panama-national-day-at-expo-2025-osaka","status":"publish","type":"post","link":"https:\/\/panakobeconsulate.jp\/es\/official-reception-in-honor-of-president-jose-raul-mulino-as-part-of-panama-national-day-at-expo-2025-osaka\/","title":{"rendered":"Recepci\u00f3n oficial en honor del presidente Jos\u00e9 Ra\u00fal Mulino en el marco de las celebraciones del D\u00eda Nacional de Panam\u00e1 en la Expo 2025 de Osaka."},"content":{"rendered":"<p>Osaka, Jap\u00f3n \u2013 6 de septiembre de 2025. Como parte de las celebraciones del D\u00eda Nacional de Panam\u00e1 en la Expo 2025 Osaka-Kansai, se realiz\u00f3 una recepci\u00f3n oficial en honor del Presidente de la Rep\u00fablica, Jos\u00e9 Ra\u00fal Mulino, y la delegaci\u00f3n paname\u00f1a que lo acompa\u00f1\u00f3 en esta misi\u00f3n diplom\u00e1tica y comercial.<\/p>\n\n\n\n<p>El evento reuni\u00f3 a m\u00e1s de 250 invitados, entre ellos autoridades japonesas, miembros del cuerpo diplom\u00e1tico, empresarios, representantes de organizaciones internacionales y amigos de Panam\u00e1, quienes disfrutaron de una velada de gala que puso de relieve la identidad y la riqueza cultural de Panam\u00e1.<\/p>\n\n\n\n<p>A la recepci\u00f3n asistieron importantes representantes del sector mar\u00edtimo japon\u00e9s, reforzando los lazos de cooperaci\u00f3n con Panam\u00e1 y destacando la relevancia del Registro Paname\u00f1o, l\u00edder mundial en la industria naviera. Esta participaci\u00f3n reafirm\u00f3 la solidez de la relaci\u00f3n mar\u00edtima entre ambos pa\u00edses y el compromiso de Panam\u00e1 con la excelencia en sus servicios mar\u00edtimos.<\/p>\n\n\n\n<p>La velada ofreci\u00f3 a los asistentes una magn\u00edfica muestra del folclore paname\u00f1o, con presentaciones art\u00edsticas que reflejaron la diversidad cultural del pa\u00eds, patrocinadas por el Ministerio de Cultura. La experiencia gastron\u00f3mica estuvo a cargo de los chefs paname\u00f1os Isaac Villaverde y Armando Bramwell, quienes presentaron una selecci\u00f3n de platos afro-panamanianos.<\/p>\n\n\n\n<p>Los invitados tambi\u00e9n disfrutaron de una degustaci\u00f3n del mundialmente famoso caf\u00e9 Geisha y de un ambiente decorado con elementos tradicionales que evocaban la calidez y la autenticidad paname\u00f1as.<\/p>\n\n\n\n<p>La velada demostr\u00f3 el compromiso de Panam\u00e1 de mostrar su cultura, talento, poder\u00edo mar\u00edtimo y oferta tur\u00edstica al p\u00fablico japon\u00e9s e internacional presente en la Expo, fortaleciendo as\u00ed los lazos de amistad y cooperaci\u00f3n entre ambos pa\u00edses.<\/p>\n\n\n\n<figure class=\"wp-block-image size-large\"><img fetchpriority=\"high\" decoding=\"async\" width=\"1024\" height=\"576\" src=\"https:\/\/panakobeconsulate.jp\/wp-content\/uploads\/2025\/11\/Slide5-1024x576.jpg\" alt=\"\" class=\"wp-image-3198\" srcset=\"https:\/\/panakobeconsulate.jp\/wp-content\/uploads\/2025\/11\/Slide5-1024x576.jpg 1024w, https:\/\/panakobeconsulate.jp\/wp-content\/uploads\/2025\/11\/Slide5-300x169.jpg 300w, https:\/\/panakobeconsulate.jp\/wp-content\/uploads\/2025\/11\/Slide5-768x432.jpg 768w, https:\/\/panakobeconsulate.jp\/wp-content\/uploads\/2025\/11\/Slide5-18x10.jpg 18w, https:\/\/panakobeconsulate.jp\/wp-content\/uploads\/2025\/11\/Slide5.jpg 1280w\" sizes=\"(max-width: 1024px) 100vw, 1024px\" \/><\/figure>","protected":false},"excerpt":{"rendered":"<p>Osaka, Japan \u2013 September 6, 2025. As part of the celebrations for Panama&#8217;s National Day at Expo 2025 Osaka-Kansai, an official reception was held in honor of the President of the Republic, Jos\u00e9 Ra\u00fal Mulino, and the Panamanian delegation that accompanied him on this diplomatic and commercial mission. The event brought together more than 250 [&hellip;]<\/p>","protected":false},"author":1,"featured_media":3188,"comment_status":"open","ping_status":"open","sticky":false,"template":"","format":"standard","meta":{"_uf_show_specific_survey":0,"_uf_disable_surveys":false,"site-sidebar-layout":"default","site-content-layout":"","ast-site-content-layout":"default","site-content-style":"default","site-sidebar-style":"default","ast-global-header-display":"","ast-banner-title-visibility":"","ast-main-header-display":"","ast-hfb-above-header-display":"","ast-hfb-below-header-display":"","ast-hfb-mobile-header-display":"","site-post-title":"","ast-breadcrumbs-content":"","ast-featured-img":"","footer-sml-layout":"","ast-disable-related-posts":"","theme-transparent-header-meta":"","adv-header-id-meta":"","stick-header-meta":"","header-above-stick-meta":"","header-main-stick-meta":"","header-below-stick-meta":"","astra-migrate-meta-layouts":"default","ast-page-background-enabled":"default","ast-page-background-meta":{"desktop":{"background-color":"var(--ast-global-color-4)","background-image":"","background-repeat":"repeat","background-position":"center center","background-size":"auto","background-attachment":"scroll","background-type":"","background-media":"","overlay-type":"","overlay-color":"","overlay-opacity":"","overlay-gradient":""},"tablet":{"background-color":"","background-image":"","background-repeat":"repeat","background-position":"center center","background-size":"auto","background-attachment":"scroll","background-type":"","background-media":"","overlay-type":"","overlay-color":"","overlay-opacity":"","overlay-gradient":""},"mobile":{"background-color":"","background-image":"","background-repeat":"repeat","background-position":"center center","background-size":"auto","background-attachment":"scroll","background-type":"","background-media":"","overlay-type":"","overlay-color":"","overlay-opacity":"","overlay-gradient":""}},"ast-content-background-meta":{"desktop":{"background-color":"var(--ast-global-color-5)","background-image":"","background-repeat":"repeat","background-position":"center center","background-size":"auto","background-attachment":"scroll","background-type":"","background-media":"","overlay-type":"","overlay-color":"","overlay-opacity":"","overlay-gradient":""},"tablet":{"background-color":"var(--ast-global-color-5)","background-image":"","background-repeat":"repeat","background-position":"center center","background-size":"auto","background-attachment":"scroll","background-type":"","background-media":"","overlay-type":"","overlay-color":"","overlay-opacity":"","overlay-gradient":""},"mobile":{"background-color":"var(--ast-global-color-5)","background-image":"","background-repeat":"repeat","background-position":"center center","background-size":"auto","background-attachment":"scroll","background-type":"","background-media":"","overlay-type":"","overlay-color":"","overlay-opacity":"","overlay-gradient":""}},"footnotes":""},"categories":[1],"tags":[],"class_list":["post-3197","post","type-post","status-publish","format-standard","has-post-thumbnail","hentry","category-consulate-news"],"yoast_head":"<!-- This site is optimized with the Yoast SEO Premium plugin v26.5 (Yoast SEO v26.5) - https:\/\/yoast.com\/wordpress\/plugins\/seo\/ -->\n<title>Official reception in honor of President Jos\u00e9 Ra\u00fal Mulino as part of Panama National Day at Expo 2025 Osaka - Consulado General de Panama en Kobe, Jap\u00f3n<\/title>\n<meta name=\"robots\" content=\"index, follow, max-snippet:-1, max-image-preview:large, max-video-preview:-1\" \/>\n<link rel=\"canonical\" href=\"https:\/\/panakobeconsulate.jp\/es\/official-reception-in-honor-of-president-jose-raul-mulino-as-part-of-panama-national-day-at-expo-2025-osaka\/\" \/>\n<meta property=\"og:locale\" content=\"es_ES\" \/>\n<meta property=\"og:type\" content=\"article\" \/>\n<meta property=\"og:title\" content=\"Official reception in honor of President Jos\u00e9 Ra\u00fal Mulino as part of Panama National Day at Expo 2025 Osaka\" \/>\n<meta property=\"og:description\" content=\"Osaka, Japan \u2013 September 6, 2025. As part of the celebrations for Panama&#8217;s National Day at Expo 2025 Osaka-Kansai, an official reception was held in honor of the President of the Republic, Jos\u00e9 Ra\u00fal Mulino, and the Panamanian delegation that accompanied him on this diplomatic and commercial mission. The event brought together more than 250 [&hellip;]\" \/>\n<meta property=\"og:url\" content=\"https:\/\/panakobeconsulate.jp\/es\/official-reception-in-honor-of-president-jose-raul-mulino-as-part-of-panama-national-day-at-expo-2025-osaka\/\" \/>\n<meta property=\"og:site_name\" content=\"Consulado General de Panama en Kobe, Jap\u00f3n\" \/>\n<meta property=\"article:published_time\" content=\"2025-11-17T15:00:40+00:00\" \/>\n<meta property=\"article:modified_time\" content=\"2025-11-17T15:00:41+00:00\" \/>\n<meta property=\"og:image\" content=\"https:\/\/panakobeconsulate.jp\/wp-content\/uploads\/2025\/11\/logo-png-.png\" \/>\n\t<meta property=\"og:image:width\" content=\"649\" \/>\n\t<meta property=\"og:image:height\" content=\"261\" \/>\n\t<meta property=\"og:image:type\" content=\"image\/png\" \/>\n<meta name=\"author\" content=\"jferrada\" \/>\n<meta name=\"twitter:card\" content=\"summary_large_image\" \/>\n<meta name=\"twitter:label1\" content=\"Escrito por\" \/>\n\t<meta name=\"twitter:data1\" content=\"jferrada\" \/>\n\t<meta name=\"twitter:label2\" content=\"Tiempo de lectura\" \/>\n\t<meta name=\"twitter:data2\" content=\"2 minutos\" \/>\n<script type=\"application\/ld+json\" class=\"yoast-schema-graph\">{\"@context\":\"https:\/\/schema.org\",\"@graph\":[{\"@type\":\"Article\",\"@id\":\"https:\/\/panakobeconsulate.jp\/official-reception-in-honor-of-president-jose-raul-mulino-as-part-of-panama-national-day-at-expo-2025-osaka\/#article\",\"isPartOf\":{\"@id\":\"https:\/\/panakobeconsulate.jp\/official-reception-in-honor-of-president-jose-raul-mulino-as-part-of-panama-national-day-at-expo-2025-osaka\/\"},\"author\":{\"name\":\"jferrada\",\"@id\":\"https:\/\/panakobeconsulate.jp\/ja\/#\/schema\/person\/367c3fc104e92f2878ce74a873af70fb\"},\"headline\":\"Official reception in honor of President Jos\u00e9 Ra\u00fal Mulino as part of Panama National Day at Expo 2025 Osaka\",\"datePublished\":\"2025-11-17T15:00:40+00:00\",\"dateModified\":\"2025-11-17T15:00:41+00:00\",\"mainEntityOfPage\":{\"@id\":\"https:\/\/panakobeconsulate.jp\/official-reception-in-honor-of-president-jose-raul-mulino-as-part-of-panama-national-day-at-expo-2025-osaka\/\"},\"wordCount\":265,\"commentCount\":0,\"publisher\":{\"@id\":\"https:\/\/panakobeconsulate.jp\/ja\/#organization\"},\"image\":{\"@id\":\"https:\/\/panakobeconsulate.jp\/official-reception-in-honor-of-president-jose-raul-mulino-as-part-of-panama-national-day-at-expo-2025-osaka\/#primaryimage\"},\"thumbnailUrl\":\"https:\/\/panakobeconsulate.jp\/wp-content\/uploads\/2025\/11\/logo-png-.png\",\"articleSection\":[\"CONSULATE NEWS\"],\"inLanguage\":\"es\"},{\"@type\":\"WebPage\",\"@id\":\"https:\/\/panakobeconsulate.jp\/official-reception-in-honor-of-president-jose-raul-mulino-as-part-of-panama-national-day-at-expo-2025-osaka\/\",\"url\":\"https:\/\/panakobeconsulate.jp\/official-reception-in-honor-of-president-jose-raul-mulino-as-part-of-panama-national-day-at-expo-2025-osaka\/\",\"name\":\"Official reception in honor of President Jos\u00e9 Ra\u00fal Mulino as part of Panama National Day at Expo 2025 Osaka - Consulado General de Panama en Kobe, Jap\u00f3n\",\"isPartOf\":{\"@id\":\"https:\/\/panakobeconsulate.jp\/ja\/#website\"},\"primaryImageOfPage\":{\"@id\":\"https:\/\/panakobeconsulate.jp\/official-reception-in-honor-of-president-jose-raul-mulino-as-part-of-panama-national-day-at-expo-2025-osaka\/#primaryimage\"},\"image\":{\"@id\":\"https:\/\/panakobeconsulate.jp\/official-reception-in-honor-of-president-jose-raul-mulino-as-part-of-panama-national-day-at-expo-2025-osaka\/#primaryimage\"},\"thumbnailUrl\":\"https:\/\/panakobeconsulate.jp\/wp-content\/uploads\/2025\/11\/logo-png-.png\",\"datePublished\":\"2025-11-17T15:00:40+00:00\",\"dateModified\":\"2025-11-17T15:00:41+00:00\",\"breadcrumb\":{\"@id\":\"https:\/\/panakobeconsulate.jp\/official-reception-in-honor-of-president-jose-raul-mulino-as-part-of-panama-national-day-at-expo-2025-osaka\/#breadcrumb\"},\"inLanguage\":\"es\",\"potentialAction\":[{\"@type\":\"ReadAction\",\"target\":[\"https:\/\/panakobeconsulate.jp\/official-reception-in-honor-of-president-jose-raul-mulino-as-part-of-panama-national-day-at-expo-2025-osaka\/\"]}]},{\"@type\":\"ImageObject\",\"inLanguage\":\"es\",\"@id\":\"https:\/\/panakobeconsulate.jp\/official-reception-in-honor-of-president-jose-raul-mulino-as-part-of-panama-national-day-at-expo-2025-osaka\/#primaryimage\",\"url\":\"https:\/\/panakobeconsulate.jp\/wp-content\/uploads\/2025\/11\/logo-png-.png\",\"contentUrl\":\"https:\/\/panakobeconsulate.jp\/wp-content\/uploads\/2025\/11\/logo-png-.png\",\"width\":649,\"height\":261},{\"@type\":\"BreadcrumbList\",\"@id\":\"https:\/\/panakobeconsulate.jp\/official-reception-in-honor-of-president-jose-raul-mulino-as-part-of-panama-national-day-at-expo-2025-osaka\/#breadcrumb\",\"itemListElement\":[{\"@type\":\"ListItem\",\"position\":1,\"name\":\"Portada\",\"item\":\"https:\/\/panakobeconsulate.jp\/ja\/\"},{\"@type\":\"ListItem\",\"position\":2,\"name\":\"Official reception in honor of President Jos\u00e9 Ra\u00fal Mulino as part of Panama National Day at Expo 2025 Osaka\"}]},{\"@type\":\"WebSite\",\"@id\":\"https:\/\/panakobeconsulate.jp\/ja\/#website\",\"url\":\"https:\/\/panakobeconsulate.jp\/ja\/\",\"name\":\"Consulado General de Panama en Kobe, Jap\u00f3n\",\"description\":\"Consulado Panama\",\"publisher\":{\"@id\":\"https:\/\/panakobeconsulate.jp\/ja\/#organization\"},\"potentialAction\":[{\"@type\":\"SearchAction\",\"target\":{\"@type\":\"EntryPoint\",\"urlTemplate\":\"https:\/\/panakobeconsulate.jp\/ja\/?s={search_term_string}\"},\"query-input\":{\"@type\":\"PropertyValueSpecification\",\"valueRequired\":true,\"valueName\":\"search_term_string\"}}],\"inLanguage\":\"es\"},{\"@type\":\"Organization\",\"@id\":\"https:\/\/panakobeconsulate.jp\/ja\/#organization\",\"name\":\"Consulado General de Panama en Kobe, Jap\u00f3n\",\"url\":\"https:\/\/panakobeconsulate.jp\/ja\/\",\"logo\":{\"@type\":\"ImageObject\",\"inLanguage\":\"es\",\"@id\":\"https:\/\/panakobeconsulate.jp\/ja\/#\/schema\/logo\/image\/\",\"url\":\"https:\/\/panakobeconsulate.jp\/wp-content\/uploads\/2023\/08\/LOGO-MINREX-150.png\",\"contentUrl\":\"https:\/\/panakobeconsulate.jp\/wp-content\/uploads\/2023\/08\/LOGO-MINREX-150.png\",\"width\":518,\"height\":150,\"caption\":\"Consulado General de Panama en Kobe, Jap\u00f3n\"},\"image\":{\"@id\":\"https:\/\/panakobeconsulate.jp\/ja\/#\/schema\/logo\/image\/\"}},{\"@type\":\"Person\",\"@id\":\"https:\/\/panakobeconsulate.jp\/ja\/#\/schema\/person\/367c3fc104e92f2878ce74a873af70fb\",\"name\":\"jferrada\",\"image\":{\"@type\":\"ImageObject\",\"inLanguage\":\"es\",\"@id\":\"https:\/\/panakobeconsulate.jp\/ja\/#\/schema\/person\/image\/\",\"url\":\"https:\/\/secure.gravatar.com\/avatar\/15a972c1a8b4626419cd73d9b6169d333417b1199613ad72ef45fca17745308b?s=96&d=mm&r=g\",\"contentUrl\":\"https:\/\/secure.gravatar.com\/avatar\/15a972c1a8b4626419cd73d9b6169d333417b1199613ad72ef45fca17745308b?s=96&d=mm&r=g\",\"caption\":\"jferrada\"},\"sameAs\":[\"https:\/\/panakobeconsulate.jp\"],\"url\":\"https:\/\/panakobeconsulate.jp\/es\/author\/jferrada\/\"}]}<\/script>\n<!-- \/ Yoast SEO Premium plugin. -->","yoast_head_json":{"title":"Official reception in honor of President Jos\u00e9 Ra\u00fal Mulino as part of Panama National Day at Expo 2025 Osaka - Consulado General de Panama en Kobe, Jap\u00f3n","robots":{"index":"index","follow":"follow","max-snippet":"max-snippet:-1","max-image-preview":"max-image-preview:large","max-video-preview":"max-video-preview:-1"},"canonical":"https:\/\/panakobeconsulate.jp\/es\/official-reception-in-honor-of-president-jose-raul-mulino-as-part-of-panama-national-day-at-expo-2025-osaka\/","og_locale":"es_ES","og_type":"article","og_title":"Official reception in honor of President Jos\u00e9 Ra\u00fal Mulino as part of Panama National Day at Expo 2025 Osaka","og_description":"Osaka, Japan \u2013 September 6, 2025. As part of the celebrations for Panama&#8217;s National Day at Expo 2025 Osaka-Kansai, an official reception was held in honor of the President of the Republic, Jos\u00e9 Ra\u00fal Mulino, and the Panamanian delegation that accompanied him on this diplomatic and commercial mission. The event brought together more than 250 [&hellip;]","og_url":"https:\/\/panakobeconsulate.jp\/es\/official-reception-in-honor-of-president-jose-raul-mulino-as-part-of-panama-national-day-at-expo-2025-osaka\/","og_site_name":"Consulado General de Panama en Kobe, Jap\u00f3n","article_published_time":"2025-11-17T15:00:40+00:00","article_modified_time":"2025-11-17T15:00:41+00:00","og_image":[{"width":649,"height":261,"url":"https:\/\/panakobeconsulate.jp\/wp-content\/uploads\/2025\/11\/logo-png-.png","type":"image\/png"}],"author":"jferrada","twitter_card":"summary_large_image","twitter_misc":{"Escrito por":"jferrada","Tiempo de lectura":"2 minutos"},"schema":{"@context":"https:\/\/schema.org","@graph":[{"@type":"Article","@id":"https:\/\/panakobeconsulate.jp\/official-reception-in-honor-of-president-jose-raul-mulino-as-part-of-panama-national-day-at-expo-2025-osaka\/#article","isPartOf":{"@id":"https:\/\/panakobeconsulate.jp\/official-reception-in-honor-of-president-jose-raul-mulino-as-part-of-panama-national-day-at-expo-2025-osaka\/"},"author":{"name":"jferrada","@id":"https:\/\/panakobeconsulate.jp\/ja\/#\/schema\/person\/367c3fc104e92f2878ce74a873af70fb"},"headline":"Official reception in honor of President Jos\u00e9 Ra\u00fal Mulino as part of Panama National Day at Expo 2025 Osaka","datePublished":"2025-11-17T15:00:40+00:00","dateModified":"2025-11-17T15:00:41+00:00","mainEntityOfPage":{"@id":"https:\/\/panakobeconsulate.jp\/official-reception-in-honor-of-president-jose-raul-mulino-as-part-of-panama-national-day-at-expo-2025-osaka\/"},"wordCount":265,"commentCount":0,"publisher":{"@id":"https:\/\/panakobeconsulate.jp\/ja\/#organization"},"image":{"@id":"https:\/\/panakobeconsulate.jp\/official-reception-in-honor-of-president-jose-raul-mulino-as-part-of-panama-national-day-at-expo-2025-osaka\/#primaryimage"},"thumbnailUrl":"https:\/\/panakobeconsulate.jp\/wp-content\/uploads\/2025\/11\/logo-png-.png","articleSection":["CONSULATE NEWS"],"inLanguage":"es"},{"@type":"WebPage","@id":"https:\/\/panakobeconsulate.jp\/official-reception-in-honor-of-president-jose-raul-mulino-as-part-of-panama-national-day-at-expo-2025-osaka\/","url":"https:\/\/panakobeconsulate.jp\/official-reception-in-honor-of-president-jose-raul-mulino-as-part-of-panama-national-day-at-expo-2025-osaka\/","name":"Official reception in honor of President Jos\u00e9 Ra\u00fal Mulino as part of Panama National Day at Expo 2025 Osaka - Consulado General de Panama en Kobe, Jap\u00f3n","isPartOf":{"@id":"https:\/\/panakobeconsulate.jp\/ja\/#website"},"primaryImageOfPage":{"@id":"https:\/\/panakobeconsulate.jp\/official-reception-in-honor-of-president-jose-raul-mulino-as-part-of-panama-national-day-at-expo-2025-osaka\/#primaryimage"},"image":{"@id":"https:\/\/panakobeconsulate.jp\/official-reception-in-honor-of-president-jose-raul-mulino-as-part-of-panama-national-day-at-expo-2025-osaka\/#primaryimage"},"thumbnailUrl":"https:\/\/panakobeconsulate.jp\/wp-content\/uploads\/2025\/11\/logo-png-.png","datePublished":"2025-11-17T15:00:40+00:00","dateModified":"2025-11-17T15:00:41+00:00","breadcrumb":{"@id":"https:\/\/panakobeconsulate.jp\/official-reception-in-honor-of-president-jose-raul-mulino-as-part-of-panama-national-day-at-expo-2025-osaka\/#breadcrumb"},"inLanguage":"es","potentialAction":[{"@type":"ReadAction","target":["https:\/\/panakobeconsulate.jp\/official-reception-in-honor-of-president-jose-raul-mulino-as-part-of-panama-national-day-at-expo-2025-osaka\/"]}]},{"@type":"ImageObject","inLanguage":"es","@id":"https:\/\/panakobeconsulate.jp\/official-reception-in-honor-of-president-jose-raul-mulino-as-part-of-panama-national-day-at-expo-2025-osaka\/#primaryimage","url":"https:\/\/panakobeconsulate.jp\/wp-content\/uploads\/2025\/11\/logo-png-.png","contentUrl":"https:\/\/panakobeconsulate.jp\/wp-content\/uploads\/2025\/11\/logo-png-.png","width":649,"height":261},{"@type":"BreadcrumbList","@id":"https:\/\/panakobeconsulate.jp\/official-reception-in-honor-of-president-jose-raul-mulino-as-part-of-panama-national-day-at-expo-2025-osaka\/#breadcrumb","itemListElement":[{"@type":"ListItem","position":1,"name":"Portada","item":"https:\/\/panakobeconsulate.jp\/ja\/"},{"@type":"ListItem","position":2,"name":"Official reception in honor of President Jos\u00e9 Ra\u00fal Mulino as part of Panama National Day at Expo 2025 Osaka"}]},{"@type":"WebSite","@id":"https:\/\/panakobeconsulate.jp\/ja\/#website","url":"https:\/\/panakobeconsulate.jp\/ja\/","name":"Consulado General de Panama en Kobe, Jap\u00f3n","description":"Consulado Panama","publisher":{"@id":"https:\/\/panakobeconsulate.jp\/ja\/#organization"},"potentialAction":[{"@type":"SearchAction","target":{"@type":"EntryPoint","urlTemplate":"https:\/\/panakobeconsulate.jp\/ja\/?s={search_term_string}"},"query-input":{"@type":"PropertyValueSpecification","valueRequired":true,"valueName":"search_term_string"}}],"inLanguage":"es"},{"@type":"Organization","@id":"https:\/\/panakobeconsulate.jp\/ja\/#organization","name":"Consulado General de Panama en Kobe, Jap\u00f3n","url":"https:\/\/panakobeconsulate.jp\/ja\/","logo":{"@type":"ImageObject","inLanguage":"es","@id":"https:\/\/panakobeconsulate.jp\/ja\/#\/schema\/logo\/image\/","url":"https:\/\/panakobeconsulate.jp\/wp-content\/uploads\/2023\/08\/LOGO-MINREX-150.png","contentUrl":"https:\/\/panakobeconsulate.jp\/wp-content\/uploads\/2023\/08\/LOGO-MINREX-150.png","width":518,"height":150,"caption":"Consulado General de Panama en Kobe, Jap\u00f3n"},"image":{"@id":"https:\/\/panakobeconsulate.jp\/ja\/#\/schema\/logo\/image\/"}},{"@type":"Person","@id":"https:\/\/panakobeconsulate.jp\/ja\/#\/schema\/person\/367c3fc104e92f2878ce74a873af70fb","name":"jferrada","image":{"@type":"ImageObject","inLanguage":"es","@id":"https:\/\/panakobeconsulate.jp\/ja\/#\/schema\/person\/image\/","url":"https:\/\/secure.gravatar.com\/avatar\/15a972c1a8b4626419cd73d9b6169d333417b1199613ad72ef45fca17745308b?s=96&d=mm&r=g","contentUrl":"https:\/\/secure.gravatar.com\/avatar\/15a972c1a8b4626419cd73d9b6169d333417b1199613ad72ef45fca17745308b?s=96&d=mm&r=g","caption":"jferrada"},"sameAs":["https:\/\/panakobeconsulate.jp"],"url":"https:\/\/panakobeconsulate.jp\/es\/author\/jferrada\/"}]}},"_links":{"self":[{"href":"https:\/\/panakobeconsulate.jp\/es\/wp-json\/wp\/v2\/posts\/3197","targetHints":{"allow":["GET"]}}],"collection":[{"href":"https:\/\/panakobeconsulate.jp\/es\/wp-json\/wp\/v2\/posts"}],"about":[{"href":"https:\/\/panakobeconsulate.jp\/es\/wp-json\/wp\/v2\/types\/post"}],"author":[{"embeddable":true,"href":"https:\/\/panakobeconsulate.jp\/es\/wp-json\/wp\/v2\/users\/1"}],"replies":[{"embeddable":true,"href":"https:\/\/panakobeconsulate.jp\/es\/wp-json\/wp\/v2\/comments?post=3197"}],"version-history":[{"count":1,"href":"https:\/\/panakobeconsulate.jp\/es\/wp-json\/wp\/v2\/posts\/3197\/revisions"}],"predecessor-version":[{"id":3199,"href":"https:\/\/panakobeconsulate.jp\/es\/wp-json\/wp\/v2\/posts\/3197\/revisions\/3199"}],"wp:featuredmedia":[{"embeddable":true,"href":"https:\/\/panakobeconsulate.jp\/es\/wp-json\/wp\/v2\/media\/3188"}],"wp:attachment":[{"href":"https:\/\/panakobeconsulate.jp\/es\/wp-json\/wp\/v2\/media?parent=3197"}],"wp:term":[{"taxonomy":"category","embeddable":true,"href":"https:\/\/panakobeconsulate.jp\/es\/wp-json\/wp\/v2\/categories?post=3197"},{"taxonomy":"post_tag","embeddable":true,"href":"https:\/\/panakobeconsulate.jp\/es\/wp-json\/wp\/v2\/tags?post=3197"}],"curies":[{"name":"wp","href":"https:\/\/api.w.org\/{rel}","templated":true}]}}