{"id":3183,"date":"2025-11-17T22:24:03","date_gmt":"2025-11-17T14:24:03","guid":{"rendered":"https:\/\/panakobeconsulate.jp\/?p=3183"},"modified":"2025-11-17T22:24:04","modified_gmt":"2025-11-17T14:24:04","slug":"panama-participates-in-naming-ceremony-and-delivery-of-panamanian-flagged-vessel-in-imazo","status":"publish","type":"post","link":"https:\/\/panakobeconsulate.jp\/es\/panama-participates-in-naming-ceremony-and-delivery-of-panamanian-flagged-vessel-in-imazo\/","title":{"rendered":"Panam\u00e1 participa en la ceremonia de bautizo y entrega de un buque con bandera paname\u00f1a en Imazo."},"content":{"rendered":"<p>Imazo, Jap\u00f3n \u2013 9 de septiembre de 2025. Como parte de la agenda oficial de la delegaci\u00f3n paname\u00f1a en Jap\u00f3n, Panam\u00e1 particip\u00f3 en la ceremonia de bautizo y entrega de un nuevo buque fletado por A. P. Moller \u2013 Maersk, que enarbolar\u00e1 con orgullo la bandera paname\u00f1a.<\/p>\n\n\n\n<p>La delegaci\u00f3n paname\u00f1a estuvo encabezada por el Ministro y Administrador de la Autoridad Mar\u00edtima de Panam\u00e1 (AMP), Luis Roquebert, quien destac\u00f3 la importancia de este nuevo buque dentro de la flota mundial y reafirm\u00f3 el compromiso del registro paname\u00f1o con la seguridad, la eficiencia y la competitividad mar\u00edtimas globales.<\/p>\n\n\n\n<p>El ministro Roquebert estuvo acompa\u00f1ado por el Director General de la Marina Mercante, Ram\u00f3n Franco; el C\u00f3nsul General de Panam\u00e1 en Kobe, Alejandro De Le\u00f3n; el Vicec\u00f3nsul Any Lam Chong; y el Jefe de la Oficina de Segumar en Imabari, Nelson Agrazal, quienes participaron en las ceremonias oficiales de entrega y recorrieron las instalaciones del buque portacontenedores junto con representantes de la naviera y las autoridades portuarias japonesas.<\/p>\n\n\n\n<p>Durante la ceremonia, las autoridades destacaron la s\u00f3lida relaci\u00f3n entre el Registro de Buques de Panam\u00e1 y la industria mar\u00edtima japonesa, as\u00ed como la continua confianza de las compa\u00f1\u00edas navieras japonesas en operar sus buques bajo la bandera paname\u00f1a, la m\u00e1s grande del mundo.<\/p>\n\n\n\n<p>Este importante evento reafirma la presencia de Panam\u00e1 en el sector mar\u00edtimo internacional y su compromiso con la excelencia en los servicios que ofrece a sus socios estrat\u00e9gicos en todo el mundo.<\/p>\n\n\n\n<p>Traducido con DeepL.com (versi\u00f3n gratuita)<\/p>\n\n\n\n<figure class=\"wp-block-image size-large\"><img fetchpriority=\"high\" decoding=\"async\" width=\"1024\" height=\"576\" src=\"https:\/\/panakobeconsulate.jp\/wp-content\/uploads\/2025\/11\/Slide6-1024x576.jpg\" alt=\"\" class=\"wp-image-3185\" srcset=\"https:\/\/panakobeconsulate.jp\/wp-content\/uploads\/2025\/11\/Slide6-1024x576.jpg 1024w, https:\/\/panakobeconsulate.jp\/wp-content\/uploads\/2025\/11\/Slide6-300x169.jpg 300w, https:\/\/panakobeconsulate.jp\/wp-content\/uploads\/2025\/11\/Slide6-768x432.jpg 768w, https:\/\/panakobeconsulate.jp\/wp-content\/uploads\/2025\/11\/Slide6-18x10.jpg 18w, https:\/\/panakobeconsulate.jp\/wp-content\/uploads\/2025\/11\/Slide6.jpg 1280w\" sizes=\"(max-width: 1024px) 100vw, 1024px\" \/><\/figure>\n\n\n\n<figure class=\"wp-block-image size-large\"><img decoding=\"async\" width=\"1024\" height=\"768\" src=\"https:\/\/panakobeconsulate.jp\/wp-content\/uploads\/2025\/11\/barra-1024x768.jpeg\" alt=\"\" class=\"wp-image-3184\" srcset=\"https:\/\/panakobeconsulate.jp\/wp-content\/uploads\/2025\/11\/barra-1024x768.jpeg 1024w, https:\/\/panakobeconsulate.jp\/wp-content\/uploads\/2025\/11\/barra-300x225.jpeg 300w, https:\/\/panakobeconsulate.jp\/wp-content\/uploads\/2025\/11\/barra-768x576.jpeg 768w, https:\/\/panakobeconsulate.jp\/wp-content\/uploads\/2025\/11\/barra-1536x1152.jpeg 1536w, https:\/\/panakobeconsulate.jp\/wp-content\/uploads\/2025\/11\/barra-16x12.jpeg 16w, https:\/\/panakobeconsulate.jp\/wp-content\/uploads\/2025\/11\/barra.jpeg 1600w\" sizes=\"(max-width: 1024px) 100vw, 1024px\" \/><\/figure>","protected":false},"excerpt":{"rendered":"<p>Imazo, Jap\u00f3n \u2013 9 de septiembre de 2025. Como parte de la agenda oficial de la delegaci\u00f3n paname\u00f1a en Jap\u00f3n, Panam\u00e1 particip\u00f3 en la ceremonia de bautizo y entrega de un nuevo buque fletado por A. P. Moller \u2013 Maersk, que enarbolar\u00e1 con orgullo la bandera paname\u00f1a. La delegaci\u00f3n paname\u00f1a estuvo encabezada por el Ministro y Administrador de [\u2026]<\/p>","protected":false},"author":1,"featured_media":3184,"comment_status":"open","ping_status":"open","sticky":false,"template":"","format":"standard","meta":{"_uf_show_specific_survey":0,"_uf_disable_surveys":false,"site-sidebar-layout":"default","site-content-layout":"","ast-site-content-layout":"default","site-content-style":"default","site-sidebar-style":"default","ast-global-header-display":"","ast-banner-title-visibility":"","ast-main-header-display":"","ast-hfb-above-header-display":"","ast-hfb-below-header-display":"","ast-hfb-mobile-header-display":"","site-post-title":"","ast-breadcrumbs-content":"","ast-featured-img":"","footer-sml-layout":"","ast-disable-related-posts":"","theme-transparent-header-meta":"","adv-header-id-meta":"","stick-header-meta":"","header-above-stick-meta":"","header-main-stick-meta":"","header-below-stick-meta":"","astra-migrate-meta-layouts":"default","ast-page-background-enabled":"default","ast-page-background-meta":{"desktop":{"background-color":"var(--ast-global-color-4)","background-image":"","background-repeat":"repeat","background-position":"center center","background-size":"auto","background-attachment":"scroll","background-type":"","background-media":"","overlay-type":"","overlay-color":"","overlay-opacity":"","overlay-gradient":""},"tablet":{"background-color":"","background-image":"","background-repeat":"repeat","background-position":"center center","background-size":"auto","background-attachment":"scroll","background-type":"","background-media":"","overlay-type":"","overlay-color":"","overlay-opacity":"","overlay-gradient":""},"mobile":{"background-color":"","background-image":"","background-repeat":"repeat","background-position":"center center","background-size":"auto","background-attachment":"scroll","background-type":"","background-media":"","overlay-type":"","overlay-color":"","overlay-opacity":"","overlay-gradient":""}},"ast-content-background-meta":{"desktop":{"background-color":"var(--ast-global-color-5)","background-image":"","background-repeat":"repeat","background-position":"center center","background-size":"auto","background-attachment":"scroll","background-type":"","background-media":"","overlay-type":"","overlay-color":"","overlay-opacity":"","overlay-gradient":""},"tablet":{"background-color":"var(--ast-global-color-5)","background-image":"","background-repeat":"repeat","background-position":"center center","background-size":"auto","background-attachment":"scroll","background-type":"","background-media":"","overlay-type":"","overlay-color":"","overlay-opacity":"","overlay-gradient":""},"mobile":{"background-color":"var(--ast-global-color-5)","background-image":"","background-repeat":"repeat","background-position":"center center","background-size":"auto","background-attachment":"scroll","background-type":"","background-media":"","overlay-type":"","overlay-color":"","overlay-opacity":"","overlay-gradient":""}},"footnotes":""},"categories":[13],"tags":[],"class_list":["post-3183","post","type-post","status-publish","format-standard","has-post-thumbnail","hentry","category-maritime-news"],"yoast_head":"<!-- This site is optimized with the Yoast SEO Premium plugin v26.5 (Yoast SEO v26.5) - https:\/\/yoast.com\/wordpress\/plugins\/seo\/ -->\n<title>Panama participates in naming ceremony and delivery of Panamanian-flagged vessel in Imazo - Consulado General de Panama en Kobe, Jap\u00f3n<\/title>\n<meta name=\"robots\" content=\"index, follow, max-snippet:-1, max-image-preview:large, max-video-preview:-1\" \/>\n<link rel=\"canonical\" href=\"https:\/\/panakobeconsulate.jp\/es\/panama-participates-in-naming-ceremony-and-delivery-of-panamanian-flagged-vessel-in-imazo\/\" \/>\n<meta property=\"og:locale\" content=\"es_ES\" \/>\n<meta property=\"og:type\" content=\"article\" \/>\n<meta property=\"og:title\" content=\"Panama participates in naming ceremony and delivery of Panamanian-flagged vessel in Imazo\" \/>\n<meta property=\"og:description\" content=\"Imazo, Japan \u2013 September 9, 2025. As part of the official agenda of the Panamanian delegation in Japan, Panama participated in the naming and delivery ceremony for a new vessel chartered by A.\u202fP. Moller \u2013 Maersk, which will proudly fly the Panamanian flag. The Panamanian delegation was led by the Minister and Administrator of the [&hellip;]\" \/>\n<meta property=\"og:url\" content=\"https:\/\/panakobeconsulate.jp\/es\/panama-participates-in-naming-ceremony-and-delivery-of-panamanian-flagged-vessel-in-imazo\/\" \/>\n<meta property=\"og:site_name\" content=\"Consulado General de Panama en Kobe, Jap\u00f3n\" \/>\n<meta property=\"article:published_time\" content=\"2025-11-17T14:24:03+00:00\" \/>\n<meta property=\"article:modified_time\" content=\"2025-11-17T14:24:04+00:00\" \/>\n<meta property=\"og:image\" content=\"https:\/\/panakobeconsulate.jp\/wp-content\/uploads\/2025\/11\/barra.jpeg\" \/>\n\t<meta property=\"og:image:width\" content=\"1600\" \/>\n\t<meta property=\"og:image:height\" content=\"1200\" \/>\n\t<meta property=\"og:image:type\" content=\"image\/jpeg\" \/>\n<meta name=\"author\" content=\"jferrada\" \/>\n<meta name=\"twitter:card\" content=\"summary_large_image\" \/>\n<meta name=\"twitter:label1\" content=\"Escrito por\" \/>\n\t<meta name=\"twitter:data1\" content=\"jferrada\" \/>\n\t<meta name=\"twitter:label2\" content=\"Tiempo de lectura\" \/>\n\t<meta name=\"twitter:data2\" content=\"2 minutos\" \/>\n<script type=\"application\/ld+json\" class=\"yoast-schema-graph\">{\"@context\":\"https:\/\/schema.org\",\"@graph\":[{\"@type\":\"Article\",\"@id\":\"https:\/\/panakobeconsulate.jp\/panama-participates-in-naming-ceremony-and-delivery-of-panamanian-flagged-vessel-in-imazo\/#article\",\"isPartOf\":{\"@id\":\"https:\/\/panakobeconsulate.jp\/panama-participates-in-naming-ceremony-and-delivery-of-panamanian-flagged-vessel-in-imazo\/\"},\"author\":{\"name\":\"jferrada\",\"@id\":\"https:\/\/panakobeconsulate.jp\/ja\/#\/schema\/person\/367c3fc104e92f2878ce74a873af70fb\"},\"headline\":\"Panama participates in naming ceremony and delivery of Panamanian-flagged vessel in Imazo\",\"datePublished\":\"2025-11-17T14:24:03+00:00\",\"dateModified\":\"2025-11-17T14:24:04+00:00\",\"mainEntityOfPage\":{\"@id\":\"https:\/\/panakobeconsulate.jp\/panama-participates-in-naming-ceremony-and-delivery-of-panamanian-flagged-vessel-in-imazo\/\"},\"wordCount\":238,\"commentCount\":0,\"publisher\":{\"@id\":\"https:\/\/panakobeconsulate.jp\/ja\/#organization\"},\"image\":{\"@id\":\"https:\/\/panakobeconsulate.jp\/panama-participates-in-naming-ceremony-and-delivery-of-panamanian-flagged-vessel-in-imazo\/#primaryimage\"},\"thumbnailUrl\":\"https:\/\/panakobeconsulate.jp\/wp-content\/uploads\/2025\/11\/barra.jpeg\",\"articleSection\":[\"MARITIME NEWS\"],\"inLanguage\":\"es\"},{\"@type\":\"WebPage\",\"@id\":\"https:\/\/panakobeconsulate.jp\/panama-participates-in-naming-ceremony-and-delivery-of-panamanian-flagged-vessel-in-imazo\/\",\"url\":\"https:\/\/panakobeconsulate.jp\/panama-participates-in-naming-ceremony-and-delivery-of-panamanian-flagged-vessel-in-imazo\/\",\"name\":\"Panama participates in naming ceremony and delivery of Panamanian-flagged vessel in Imazo - Consulado General de Panama en Kobe, Jap\u00f3n\",\"isPartOf\":{\"@id\":\"https:\/\/panakobeconsulate.jp\/ja\/#website\"},\"primaryImageOfPage\":{\"@id\":\"https:\/\/panakobeconsulate.jp\/panama-participates-in-naming-ceremony-and-delivery-of-panamanian-flagged-vessel-in-imazo\/#primaryimage\"},\"image\":{\"@id\":\"https:\/\/panakobeconsulate.jp\/panama-participates-in-naming-ceremony-and-delivery-of-panamanian-flagged-vessel-in-imazo\/#primaryimage\"},\"thumbnailUrl\":\"https:\/\/panakobeconsulate.jp\/wp-content\/uploads\/2025\/11\/barra.jpeg\",\"datePublished\":\"2025-11-17T14:24:03+00:00\",\"dateModified\":\"2025-11-17T14:24:04+00:00\",\"breadcrumb\":{\"@id\":\"https:\/\/panakobeconsulate.jp\/panama-participates-in-naming-ceremony-and-delivery-of-panamanian-flagged-vessel-in-imazo\/#breadcrumb\"},\"inLanguage\":\"es\",\"potentialAction\":[{\"@type\":\"ReadAction\",\"target\":[\"https:\/\/panakobeconsulate.jp\/panama-participates-in-naming-ceremony-and-delivery-of-panamanian-flagged-vessel-in-imazo\/\"]}]},{\"@type\":\"ImageObject\",\"inLanguage\":\"es\",\"@id\":\"https:\/\/panakobeconsulate.jp\/panama-participates-in-naming-ceremony-and-delivery-of-panamanian-flagged-vessel-in-imazo\/#primaryimage\",\"url\":\"https:\/\/panakobeconsulate.jp\/wp-content\/uploads\/2025\/11\/barra.jpeg\",\"contentUrl\":\"https:\/\/panakobeconsulate.jp\/wp-content\/uploads\/2025\/11\/barra.jpeg\",\"width\":1600,\"height\":1200},{\"@type\":\"BreadcrumbList\",\"@id\":\"https:\/\/panakobeconsulate.jp\/panama-participates-in-naming-ceremony-and-delivery-of-panamanian-flagged-vessel-in-imazo\/#breadcrumb\",\"itemListElement\":[{\"@type\":\"ListItem\",\"position\":1,\"name\":\"Portada\",\"item\":\"https:\/\/panakobeconsulate.jp\/ja\/\"},{\"@type\":\"ListItem\",\"position\":2,\"name\":\"Panama participates in naming ceremony and delivery of Panamanian-flagged vessel in Imazo\"}]},{\"@type\":\"WebSite\",\"@id\":\"https:\/\/panakobeconsulate.jp\/ja\/#website\",\"url\":\"https:\/\/panakobeconsulate.jp\/ja\/\",\"name\":\"Consulado General de Panama en Kobe, Jap\u00f3n\",\"description\":\"Consulado Panama\",\"publisher\":{\"@id\":\"https:\/\/panakobeconsulate.jp\/ja\/#organization\"},\"potentialAction\":[{\"@type\":\"SearchAction\",\"target\":{\"@type\":\"EntryPoint\",\"urlTemplate\":\"https:\/\/panakobeconsulate.jp\/ja\/?s={search_term_string}\"},\"query-input\":{\"@type\":\"PropertyValueSpecification\",\"valueRequired\":true,\"valueName\":\"search_term_string\"}}],\"inLanguage\":\"es\"},{\"@type\":\"Organization\",\"@id\":\"https:\/\/panakobeconsulate.jp\/ja\/#organization\",\"name\":\"Consulado General de Panama en Kobe, Jap\u00f3n\",\"url\":\"https:\/\/panakobeconsulate.jp\/ja\/\",\"logo\":{\"@type\":\"ImageObject\",\"inLanguage\":\"es\",\"@id\":\"https:\/\/panakobeconsulate.jp\/ja\/#\/schema\/logo\/image\/\",\"url\":\"https:\/\/panakobeconsulate.jp\/wp-content\/uploads\/2023\/08\/LOGO-MINREX-150.png\",\"contentUrl\":\"https:\/\/panakobeconsulate.jp\/wp-content\/uploads\/2023\/08\/LOGO-MINREX-150.png\",\"width\":518,\"height\":150,\"caption\":\"Consulado General de Panama en Kobe, Jap\u00f3n\"},\"image\":{\"@id\":\"https:\/\/panakobeconsulate.jp\/ja\/#\/schema\/logo\/image\/\"}},{\"@type\":\"Person\",\"@id\":\"https:\/\/panakobeconsulate.jp\/ja\/#\/schema\/person\/367c3fc104e92f2878ce74a873af70fb\",\"name\":\"jferrada\",\"image\":{\"@type\":\"ImageObject\",\"inLanguage\":\"es\",\"@id\":\"https:\/\/panakobeconsulate.jp\/ja\/#\/schema\/person\/image\/\",\"url\":\"https:\/\/secure.gravatar.com\/avatar\/15a972c1a8b4626419cd73d9b6169d333417b1199613ad72ef45fca17745308b?s=96&d=mm&r=g\",\"contentUrl\":\"https:\/\/secure.gravatar.com\/avatar\/15a972c1a8b4626419cd73d9b6169d333417b1199613ad72ef45fca17745308b?s=96&d=mm&r=g\",\"caption\":\"jferrada\"},\"sameAs\":[\"https:\/\/panakobeconsulate.jp\"],\"url\":\"https:\/\/panakobeconsulate.jp\/es\/author\/jferrada\/\"}]}<\/script>\n<!-- \/ Yoast SEO Premium plugin. -->","yoast_head_json":{"title":"Panama participates in naming ceremony and delivery of Panamanian-flagged vessel in Imazo - Consulado General de Panama en Kobe, Jap\u00f3n","robots":{"index":"index","follow":"follow","max-snippet":"max-snippet:-1","max-image-preview":"max-image-preview:large","max-video-preview":"max-video-preview:-1"},"canonical":"https:\/\/panakobeconsulate.jp\/es\/panama-participates-in-naming-ceremony-and-delivery-of-panamanian-flagged-vessel-in-imazo\/","og_locale":"es_ES","og_type":"article","og_title":"Panama participates in naming ceremony and delivery of Panamanian-flagged vessel in Imazo","og_description":"Imazo, Japan \u2013 September 9, 2025. As part of the official agenda of the Panamanian delegation in Japan, Panama participated in the naming and delivery ceremony for a new vessel chartered by A.\u202fP. Moller \u2013 Maersk, which will proudly fly the Panamanian flag. The Panamanian delegation was led by the Minister and Administrator of the [&hellip;]","og_url":"https:\/\/panakobeconsulate.jp\/es\/panama-participates-in-naming-ceremony-and-delivery-of-panamanian-flagged-vessel-in-imazo\/","og_site_name":"Consulado General de Panama en Kobe, Jap\u00f3n","article_published_time":"2025-11-17T14:24:03+00:00","article_modified_time":"2025-11-17T14:24:04+00:00","og_image":[{"width":1600,"height":1200,"url":"https:\/\/panakobeconsulate.jp\/wp-content\/uploads\/2025\/11\/barra.jpeg","type":"image\/jpeg"}],"author":"jferrada","twitter_card":"summary_large_image","twitter_misc":{"Escrito por":"jferrada","Tiempo de lectura":"2 minutos"},"schema":{"@context":"https:\/\/schema.org","@graph":[{"@type":"Article","@id":"https:\/\/panakobeconsulate.jp\/panama-participates-in-naming-ceremony-and-delivery-of-panamanian-flagged-vessel-in-imazo\/#article","isPartOf":{"@id":"https:\/\/panakobeconsulate.jp\/panama-participates-in-naming-ceremony-and-delivery-of-panamanian-flagged-vessel-in-imazo\/"},"author":{"name":"jferrada","@id":"https:\/\/panakobeconsulate.jp\/ja\/#\/schema\/person\/367c3fc104e92f2878ce74a873af70fb"},"headline":"Panama participates in naming ceremony and delivery of Panamanian-flagged vessel in Imazo","datePublished":"2025-11-17T14:24:03+00:00","dateModified":"2025-11-17T14:24:04+00:00","mainEntityOfPage":{"@id":"https:\/\/panakobeconsulate.jp\/panama-participates-in-naming-ceremony-and-delivery-of-panamanian-flagged-vessel-in-imazo\/"},"wordCount":238,"commentCount":0,"publisher":{"@id":"https:\/\/panakobeconsulate.jp\/ja\/#organization"},"image":{"@id":"https:\/\/panakobeconsulate.jp\/panama-participates-in-naming-ceremony-and-delivery-of-panamanian-flagged-vessel-in-imazo\/#primaryimage"},"thumbnailUrl":"https:\/\/panakobeconsulate.jp\/wp-content\/uploads\/2025\/11\/barra.jpeg","articleSection":["MARITIME NEWS"],"inLanguage":"es"},{"@type":"WebPage","@id":"https:\/\/panakobeconsulate.jp\/panama-participates-in-naming-ceremony-and-delivery-of-panamanian-flagged-vessel-in-imazo\/","url":"https:\/\/panakobeconsulate.jp\/panama-participates-in-naming-ceremony-and-delivery-of-panamanian-flagged-vessel-in-imazo\/","name":"Panama participates in naming ceremony and delivery of Panamanian-flagged vessel in Imazo - Consulado General de Panama en Kobe, Jap\u00f3n","isPartOf":{"@id":"https:\/\/panakobeconsulate.jp\/ja\/#website"},"primaryImageOfPage":{"@id":"https:\/\/panakobeconsulate.jp\/panama-participates-in-naming-ceremony-and-delivery-of-panamanian-flagged-vessel-in-imazo\/#primaryimage"},"image":{"@id":"https:\/\/panakobeconsulate.jp\/panama-participates-in-naming-ceremony-and-delivery-of-panamanian-flagged-vessel-in-imazo\/#primaryimage"},"thumbnailUrl":"https:\/\/panakobeconsulate.jp\/wp-content\/uploads\/2025\/11\/barra.jpeg","datePublished":"2025-11-17T14:24:03+00:00","dateModified":"2025-11-17T14:24:04+00:00","breadcrumb":{"@id":"https:\/\/panakobeconsulate.jp\/panama-participates-in-naming-ceremony-and-delivery-of-panamanian-flagged-vessel-in-imazo\/#breadcrumb"},"inLanguage":"es","potentialAction":[{"@type":"ReadAction","target":["https:\/\/panakobeconsulate.jp\/panama-participates-in-naming-ceremony-and-delivery-of-panamanian-flagged-vessel-in-imazo\/"]}]},{"@type":"ImageObject","inLanguage":"es","@id":"https:\/\/panakobeconsulate.jp\/panama-participates-in-naming-ceremony-and-delivery-of-panamanian-flagged-vessel-in-imazo\/#primaryimage","url":"https:\/\/panakobeconsulate.jp\/wp-content\/uploads\/2025\/11\/barra.jpeg","contentUrl":"https:\/\/panakobeconsulate.jp\/wp-content\/uploads\/2025\/11\/barra.jpeg","width":1600,"height":1200},{"@type":"BreadcrumbList","@id":"https:\/\/panakobeconsulate.jp\/panama-participates-in-naming-ceremony-and-delivery-of-panamanian-flagged-vessel-in-imazo\/#breadcrumb","itemListElement":[{"@type":"ListItem","position":1,"name":"Portada","item":"https:\/\/panakobeconsulate.jp\/ja\/"},{"@type":"ListItem","position":2,"name":"Panama participates in naming ceremony and delivery of Panamanian-flagged vessel in Imazo"}]},{"@type":"WebSite","@id":"https:\/\/panakobeconsulate.jp\/ja\/#website","url":"https:\/\/panakobeconsulate.jp\/ja\/","name":"Consulado General de Panama en Kobe, Jap\u00f3n","description":"Consulado Panama","publisher":{"@id":"https:\/\/panakobeconsulate.jp\/ja\/#organization"},"potentialAction":[{"@type":"SearchAction","target":{"@type":"EntryPoint","urlTemplate":"https:\/\/panakobeconsulate.jp\/ja\/?s={search_term_string}"},"query-input":{"@type":"PropertyValueSpecification","valueRequired":true,"valueName":"search_term_string"}}],"inLanguage":"es"},{"@type":"Organization","@id":"https:\/\/panakobeconsulate.jp\/ja\/#organization","name":"Consulado General de Panama en Kobe, Jap\u00f3n","url":"https:\/\/panakobeconsulate.jp\/ja\/","logo":{"@type":"ImageObject","inLanguage":"es","@id":"https:\/\/panakobeconsulate.jp\/ja\/#\/schema\/logo\/image\/","url":"https:\/\/panakobeconsulate.jp\/wp-content\/uploads\/2023\/08\/LOGO-MINREX-150.png","contentUrl":"https:\/\/panakobeconsulate.jp\/wp-content\/uploads\/2023\/08\/LOGO-MINREX-150.png","width":518,"height":150,"caption":"Consulado General de Panama en Kobe, Jap\u00f3n"},"image":{"@id":"https:\/\/panakobeconsulate.jp\/ja\/#\/schema\/logo\/image\/"}},{"@type":"Person","@id":"https:\/\/panakobeconsulate.jp\/ja\/#\/schema\/person\/367c3fc104e92f2878ce74a873af70fb","name":"jferrada","image":{"@type":"ImageObject","inLanguage":"es","@id":"https:\/\/panakobeconsulate.jp\/ja\/#\/schema\/person\/image\/","url":"https:\/\/secure.gravatar.com\/avatar\/15a972c1a8b4626419cd73d9b6169d333417b1199613ad72ef45fca17745308b?s=96&d=mm&r=g","contentUrl":"https:\/\/secure.gravatar.com\/avatar\/15a972c1a8b4626419cd73d9b6169d333417b1199613ad72ef45fca17745308b?s=96&d=mm&r=g","caption":"jferrada"},"sameAs":["https:\/\/panakobeconsulate.jp"],"url":"https:\/\/panakobeconsulate.jp\/es\/author\/jferrada\/"}]}},"_links":{"self":[{"href":"https:\/\/panakobeconsulate.jp\/es\/wp-json\/wp\/v2\/posts\/3183","targetHints":{"allow":["GET"]}}],"collection":[{"href":"https:\/\/panakobeconsulate.jp\/es\/wp-json\/wp\/v2\/posts"}],"about":[{"href":"https:\/\/panakobeconsulate.jp\/es\/wp-json\/wp\/v2\/types\/post"}],"author":[{"embeddable":true,"href":"https:\/\/panakobeconsulate.jp\/es\/wp-json\/wp\/v2\/users\/1"}],"replies":[{"embeddable":true,"href":"https:\/\/panakobeconsulate.jp\/es\/wp-json\/wp\/v2\/comments?post=3183"}],"version-history":[{"count":1,"href":"https:\/\/panakobeconsulate.jp\/es\/wp-json\/wp\/v2\/posts\/3183\/revisions"}],"predecessor-version":[{"id":3186,"href":"https:\/\/panakobeconsulate.jp\/es\/wp-json\/wp\/v2\/posts\/3183\/revisions\/3186"}],"wp:featuredmedia":[{"embeddable":true,"href":"https:\/\/panakobeconsulate.jp\/es\/wp-json\/wp\/v2\/media\/3184"}],"wp:attachment":[{"href":"https:\/\/panakobeconsulate.jp\/es\/wp-json\/wp\/v2\/media?parent=3183"}],"wp:term":[{"taxonomy":"category","embeddable":true,"href":"https:\/\/panakobeconsulate.jp\/es\/wp-json\/wp\/v2\/categories?post=3183"},{"taxonomy":"post_tag","embeddable":true,"href":"https:\/\/panakobeconsulate.jp\/es\/wp-json\/wp\/v2\/tags?post=3183"}],"curies":[{"name":"wp","href":"https:\/\/api.w.org\/{rel}","templated":true}]}}