{"id":2966,"date":"2025-04-17T20:41:58","date_gmt":"2025-04-17T12:41:58","guid":{"rendered":"https:\/\/panakobeconsulate.jp\/?p=2966"},"modified":"2025-04-18T00:30:51","modified_gmt":"2025-04-17T16:30:51","slug":"expo-2025-osaka-japan","status":"publish","type":"post","link":"https:\/\/panakobeconsulate.jp\/es\/expo-2025-osaka-japan\/","title":{"rendered":"Expo 2025 OSAKA, JAP\u00d3N"},"content":{"rendered":"<p>Osaka, 15 de abril de 2025<\/p>\n\n\n\n<p>Panam\u00e1 inaugur\u00f3 oficialmente su pabell\u00f3n en la Expo 2025 Osaka, marcando su participaci\u00f3n en uno de los eventos internacionales m\u00e1s importantes del a\u00f1o, que re\u00fane a m\u00e1s de 150 pa\u00edses bajo el lema \u201cDise\u00f1ando la sociedad del futuro para nuestras vidas.<\/p>\n\n\n\n<p>Bajo el concepto \u201cSalvando Vidas\u201d, el pabell\u00f3n paname\u00f1o ofrece una propuesta que resalta el rol del pa\u00eds como l\u00edder regional en sostenibilidad, uno de los cuatro pa\u00edses carbono negativo y puente estrat\u00e9gico para la conectividad, la biodiversidad y la cultura.<\/p>\n\n\n\n<p>El acto inaugural estuvo encabezada por la delegaci\u00f3n paname\u00f1a integrada por el Embajador de Panam\u00e1 en Jap\u00f3n, Walter Cohen, el C\u00f3nsul General de Panam\u00e1 en Kobe, Alejandro de Le\u00f3n y el Comisionado General Adjunto de Panam\u00e1 para la Expo 2025 Osaka, Any Lam Chong, quienes estuvieron acompa\u00f1ados por autoridades del comit\u00e9 organizador, delegaciones internacionales y representantes diplom\u00e1ticos.<\/p>\n\n\n\n<p>La participaci\u00f3n de Panam\u00e1 en la Expo Osaka 2025 representa una oportunidad estrat\u00e9gica para proyectar al pa\u00eds como un referente de desarrollo sostenible e innovaci\u00f3n, y como un actor comprometido con los retos globales del presente y el futuro.<\/p>\n\n\n\n<p>El stand, ubicado en el Pabell\u00f3n CS-2 | Stand E85, presenta una experiencia inmersiva que presenta al pa\u00eds desde diferentes perspectivas: su rica biodiversidad, la importancia estrat\u00e9gica del Canal de Panam\u00e1, la multiculturalidad que lo define y la calidad de vida que lo posiciona como un destino atractivo para el turismo, la inversi\u00f3n y la sostenibilidad.<\/p>\n\n\n\n<p>A lo largo de los seis meses de la Expo, Panam\u00e1 desarrollar\u00e1 una agenda din\u00e1mica que incluir\u00e1 semanas tem\u00e1ticas, presentaciones culturales y exhibiciones audiovisuales, con el fin de conectar con el p\u00fablico internacional y resaltar su propuesta como pa\u00eds comprometido con el futuro del planeta.<\/p>\n\n\n\n<p>El D\u00eda Nacional de Panam\u00e1 se celebrar\u00e1 el 6 de septiembre de 2025, con la participaci\u00f3n de una delegaci\u00f3n oficial y un programa especial que resaltar\u00e1 la identidad cultural del pa\u00eds.<\/p>\n\n\n\n<p>La participaci\u00f3n de Panam\u00e1 en Expo Osaka 2025 es liderada por PROMTUR Panam\u00e1, en coordinaci\u00f3n con la Autoridad de Turismo de Panam\u00e1, el Ministerio de Comercio e Industrias (MICI) y el Ministerio de Relaciones Exteriores, como parte de un esfuerzo interinstitucional para consolidar la presencia del pa\u00eds en los escenarios globales.<\/p>\n\n\n\n<figure class=\"wp-block-image size-large\"><img fetchpriority=\"high\" decoding=\"async\" width=\"768\" height=\"1024\" src=\"https:\/\/panakobeconsulate.jp\/wp-content\/uploads\/2025\/04\/IMG_4889-768x1024.jpg\" alt=\"\" class=\"wp-image-2971\" srcset=\"https:\/\/panakobeconsulate.jp\/wp-content\/uploads\/2025\/04\/IMG_4889-768x1024.jpg 768w, https:\/\/panakobeconsulate.jp\/wp-content\/uploads\/2025\/04\/IMG_4889-225x300.jpg 225w, https:\/\/panakobeconsulate.jp\/wp-content\/uploads\/2025\/04\/IMG_4889-1152x1536.jpg 1152w, https:\/\/panakobeconsulate.jp\/wp-content\/uploads\/2025\/04\/IMG_4889-9x12.jpg 9w, https:\/\/panakobeconsulate.jp\/wp-content\/uploads\/2025\/04\/IMG_4889.jpg 1536w\" sizes=\"(max-width: 768px) 100vw, 768px\" \/><\/figure>\n\n\n\n<figure class=\"wp-block-image size-large\"><img decoding=\"async\" width=\"768\" height=\"1024\" src=\"https:\/\/panakobeconsulate.jp\/wp-content\/uploads\/2025\/04\/IMG_4312-768x1024.jpg\" alt=\"\" class=\"wp-image-2970\" srcset=\"https:\/\/panakobeconsulate.jp\/wp-content\/uploads\/2025\/04\/IMG_4312-768x1024.jpg 768w, https:\/\/panakobeconsulate.jp\/wp-content\/uploads\/2025\/04\/IMG_4312-225x300.jpg 225w, https:\/\/panakobeconsulate.jp\/wp-content\/uploads\/2025\/04\/IMG_4312-1152x1536.jpg 1152w, https:\/\/panakobeconsulate.jp\/wp-content\/uploads\/2025\/04\/IMG_4312-9x12.jpg 9w, https:\/\/panakobeconsulate.jp\/wp-content\/uploads\/2025\/04\/IMG_4312.jpg 1536w\" sizes=\"(max-width: 768px) 100vw, 768px\" \/><\/figure>\n\n\n\n<figure class=\"wp-block-image size-large\"><img decoding=\"async\" width=\"768\" height=\"1024\" src=\"https:\/\/panakobeconsulate.jp\/wp-content\/uploads\/2025\/04\/IMG_4308-768x1024.jpg\" alt=\"\" class=\"wp-image-2969\" srcset=\"https:\/\/panakobeconsulate.jp\/wp-content\/uploads\/2025\/04\/IMG_4308-768x1024.jpg 768w, https:\/\/panakobeconsulate.jp\/wp-content\/uploads\/2025\/04\/IMG_4308-225x300.jpg 225w, https:\/\/panakobeconsulate.jp\/wp-content\/uploads\/2025\/04\/IMG_4308-1152x1536.jpg 1152w, https:\/\/panakobeconsulate.jp\/wp-content\/uploads\/2025\/04\/IMG_4308-9x12.jpg 9w, https:\/\/panakobeconsulate.jp\/wp-content\/uploads\/2025\/04\/IMG_4308.jpg 1536w\" sizes=\"(max-width: 768px) 100vw, 768px\" \/><\/figure>\n\n\n\n<figure class=\"wp-block-image size-large\"><img loading=\"lazy\" decoding=\"async\" width=\"768\" height=\"1024\" src=\"https:\/\/panakobeconsulate.jp\/wp-content\/uploads\/2025\/04\/IMG_4307-768x1024.jpg\" alt=\"\" class=\"wp-image-2968\" srcset=\"https:\/\/panakobeconsulate.jp\/wp-content\/uploads\/2025\/04\/IMG_4307-768x1024.jpg 768w, https:\/\/panakobeconsulate.jp\/wp-content\/uploads\/2025\/04\/IMG_4307-225x300.jpg 225w, https:\/\/panakobeconsulate.jp\/wp-content\/uploads\/2025\/04\/IMG_4307-1152x1536.jpg 1152w, https:\/\/panakobeconsulate.jp\/wp-content\/uploads\/2025\/04\/IMG_4307-9x12.jpg 9w, https:\/\/panakobeconsulate.jp\/wp-content\/uploads\/2025\/04\/IMG_4307.jpg 1536w\" sizes=\"(max-width: 768px) 100vw, 768px\" \/><\/figure>\n\n\n\n<p><\/p>","protected":false},"excerpt":{"rendered":"<p>Osaka, 15 de abril de 2025. Panam\u00e1 inaugur\u00f3 oficialmente su pabell\u00f3n en la Expo 2025 de Osaka, marcando su participaci\u00f3n en uno de los eventos internacionales m\u00e1s importantes del a\u00f1o, que re\u00fane a m\u00e1s de 150 pa\u00edses bajo el lema \u201cDise\u00f1ando la sociedad del futuro para nuestras vidas\u201d. Bajo el concepto \u201cSalvando Vidas\u201d, el pabell\u00f3n paname\u00f1o ofrece una propuesta [\u2026]<\/p>","protected":false},"author":1,"featured_media":2980,"comment_status":"open","ping_status":"open","sticky":false,"template":"","format":"standard","meta":{"_uf_show_specific_survey":0,"_uf_disable_surveys":false,"site-sidebar-layout":"default","site-content-layout":"","ast-site-content-layout":"default","site-content-style":"default","site-sidebar-style":"default","ast-global-header-display":"","ast-banner-title-visibility":"","ast-main-header-display":"","ast-hfb-above-header-display":"","ast-hfb-below-header-display":"","ast-hfb-mobile-header-display":"","site-post-title":"","ast-breadcrumbs-content":"","ast-featured-img":"","footer-sml-layout":"","ast-disable-related-posts":"","theme-transparent-header-meta":"","adv-header-id-meta":"","stick-header-meta":"","header-above-stick-meta":"","header-main-stick-meta":"","header-below-stick-meta":"","astra-migrate-meta-layouts":"default","ast-page-background-enabled":"default","ast-page-background-meta":{"desktop":{"background-color":"var(--ast-global-color-4)","background-image":"","background-repeat":"repeat","background-position":"center center","background-size":"auto","background-attachment":"scroll","background-type":"","background-media":"","overlay-type":"","overlay-color":"","overlay-opacity":"","overlay-gradient":""},"tablet":{"background-color":"","background-image":"","background-repeat":"repeat","background-position":"center center","background-size":"auto","background-attachment":"scroll","background-type":"","background-media":"","overlay-type":"","overlay-color":"","overlay-opacity":"","overlay-gradient":""},"mobile":{"background-color":"","background-image":"","background-repeat":"repeat","background-position":"center center","background-size":"auto","background-attachment":"scroll","background-type":"","background-media":"","overlay-type":"","overlay-color":"","overlay-opacity":"","overlay-gradient":""}},"ast-content-background-meta":{"desktop":{"background-color":"var(--ast-global-color-5)","background-image":"","background-repeat":"repeat","background-position":"center center","background-size":"auto","background-attachment":"scroll","background-type":"","background-media":"","overlay-type":"","overlay-color":"","overlay-opacity":"","overlay-gradient":""},"tablet":{"background-color":"var(--ast-global-color-5)","background-image":"","background-repeat":"repeat","background-position":"center center","background-size":"auto","background-attachment":"scroll","background-type":"","background-media":"","overlay-type":"","overlay-color":"","overlay-opacity":"","overlay-gradient":""},"mobile":{"background-color":"var(--ast-global-color-5)","background-image":"","background-repeat":"repeat","background-position":"center center","background-size":"auto","background-attachment":"scroll","background-type":"","background-media":"","overlay-type":"","overlay-color":"","overlay-opacity":"","overlay-gradient":""}},"footnotes":""},"categories":[1],"tags":[],"class_list":["post-2966","post","type-post","status-publish","format-standard","has-post-thumbnail","hentry","category-consulate-news"],"yoast_head":"<!-- This site is optimized with the Yoast SEO Premium plugin v26.5 (Yoast SEO v26.5) - https:\/\/yoast.com\/wordpress\/plugins\/seo\/ -->\n<title>Expo 2025 OSAKA, JAPAN - Consulado General de Panama en Kobe, Jap\u00f3n<\/title>\n<meta name=\"robots\" content=\"index, follow, max-snippet:-1, max-image-preview:large, max-video-preview:-1\" \/>\n<link rel=\"canonical\" href=\"https:\/\/panakobeconsulate.jp\/es\/expo-2025-osaka-japan\/\" \/>\n<meta property=\"og:locale\" content=\"es_ES\" \/>\n<meta property=\"og:type\" content=\"article\" \/>\n<meta property=\"og:title\" content=\"Expo 2025 OSAKA, JAPAN\" \/>\n<meta property=\"og:description\" content=\"Osaka, April 15, 2025 Panama officially opened its pavilion at Expo 2025 Osaka, marking its participation in one of the most important international events of the year, which brings together more than 150 countries under the theme &#8220;Designing the Future Society for Our Lives. Under the concept \u201cSaving Lives\u201d, the Panamanian pavilion offers a proposal [&hellip;]\" \/>\n<meta property=\"og:url\" content=\"https:\/\/panakobeconsulate.jp\/es\/expo-2025-osaka-japan\/\" \/>\n<meta property=\"og:site_name\" content=\"Consulado General de Panama en Kobe, Jap\u00f3n\" \/>\n<meta property=\"article:published_time\" content=\"2025-04-17T12:41:58+00:00\" \/>\n<meta property=\"article:modified_time\" content=\"2025-04-17T16:30:51+00:00\" \/>\n<meta property=\"og:image\" content=\"https:\/\/panakobeconsulate.jp\/wp-content\/uploads\/2025\/04\/IMG_43082-Mediana.png\" \/>\n\t<meta property=\"og:image:width\" content=\"1366\" \/>\n\t<meta property=\"og:image:height\" content=\"663\" \/>\n\t<meta property=\"og:image:type\" content=\"image\/png\" \/>\n<meta name=\"author\" content=\"jferrada\" \/>\n<meta name=\"twitter:card\" content=\"summary_large_image\" \/>\n<meta name=\"twitter:label1\" content=\"Escrito por\" \/>\n\t<meta name=\"twitter:data1\" content=\"jferrada\" \/>\n\t<meta name=\"twitter:label2\" content=\"Tiempo de lectura\" \/>\n\t<meta name=\"twitter:data2\" content=\"2 minutos\" \/>\n<script type=\"application\/ld+json\" class=\"yoast-schema-graph\">{\"@context\":\"https:\/\/schema.org\",\"@graph\":[{\"@type\":\"Article\",\"@id\":\"https:\/\/panakobeconsulate.jp\/ja\/expo-2025-osaka-japan\/#article\",\"isPartOf\":{\"@id\":\"https:\/\/panakobeconsulate.jp\/ja\/expo-2025-osaka-japan\/\"},\"author\":{\"name\":\"jferrada\",\"@id\":\"https:\/\/panakobeconsulate.jp\/ja\/#\/schema\/person\/367c3fc104e92f2878ce74a873af70fb\"},\"headline\":\"Expo 2025 OSAKA, JAPAN\",\"datePublished\":\"2025-04-17T12:41:58+00:00\",\"dateModified\":\"2025-04-17T16:30:51+00:00\",\"mainEntityOfPage\":{\"@id\":\"https:\/\/panakobeconsulate.jp\/ja\/expo-2025-osaka-japan\/\"},\"wordCount\":344,\"commentCount\":0,\"publisher\":{\"@id\":\"https:\/\/panakobeconsulate.jp\/ja\/#organization\"},\"image\":{\"@id\":\"https:\/\/panakobeconsulate.jp\/ja\/expo-2025-osaka-japan\/#primaryimage\"},\"thumbnailUrl\":\"https:\/\/panakobeconsulate.jp\/wp-content\/uploads\/2025\/04\/IMG_43082-Mediana.png\",\"articleSection\":[\"CONSULATE NEWS\"],\"inLanguage\":\"es\"},{\"@type\":\"WebPage\",\"@id\":\"https:\/\/panakobeconsulate.jp\/ja\/expo-2025-osaka-japan\/\",\"url\":\"https:\/\/panakobeconsulate.jp\/ja\/expo-2025-osaka-japan\/\",\"name\":\"Expo 2025 OSAKA, JAPAN - Consulado General de Panama en Kobe, Jap\u00f3n\",\"isPartOf\":{\"@id\":\"https:\/\/panakobeconsulate.jp\/ja\/#website\"},\"primaryImageOfPage\":{\"@id\":\"https:\/\/panakobeconsulate.jp\/ja\/expo-2025-osaka-japan\/#primaryimage\"},\"image\":{\"@id\":\"https:\/\/panakobeconsulate.jp\/ja\/expo-2025-osaka-japan\/#primaryimage\"},\"thumbnailUrl\":\"https:\/\/panakobeconsulate.jp\/wp-content\/uploads\/2025\/04\/IMG_43082-Mediana.png\",\"datePublished\":\"2025-04-17T12:41:58+00:00\",\"dateModified\":\"2025-04-17T16:30:51+00:00\",\"breadcrumb\":{\"@id\":\"https:\/\/panakobeconsulate.jp\/ja\/expo-2025-osaka-japan\/#breadcrumb\"},\"inLanguage\":\"es\",\"potentialAction\":[{\"@type\":\"ReadAction\",\"target\":[\"https:\/\/panakobeconsulate.jp\/ja\/expo-2025-osaka-japan\/\"]}]},{\"@type\":\"ImageObject\",\"inLanguage\":\"es\",\"@id\":\"https:\/\/panakobeconsulate.jp\/ja\/expo-2025-osaka-japan\/#primaryimage\",\"url\":\"https:\/\/panakobeconsulate.jp\/wp-content\/uploads\/2025\/04\/IMG_43082-Mediana.png\",\"contentUrl\":\"https:\/\/panakobeconsulate.jp\/wp-content\/uploads\/2025\/04\/IMG_43082-Mediana.png\",\"width\":1366,\"height\":663},{\"@type\":\"BreadcrumbList\",\"@id\":\"https:\/\/panakobeconsulate.jp\/ja\/expo-2025-osaka-japan\/#breadcrumb\",\"itemListElement\":[{\"@type\":\"ListItem\",\"position\":1,\"name\":\"Portada\",\"item\":\"https:\/\/panakobeconsulate.jp\/ja\/\"},{\"@type\":\"ListItem\",\"position\":2,\"name\":\"Expo 2025 OSAKA, JAPAN\"}]},{\"@type\":\"WebSite\",\"@id\":\"https:\/\/panakobeconsulate.jp\/ja\/#website\",\"url\":\"https:\/\/panakobeconsulate.jp\/ja\/\",\"name\":\"Consulado General de Panama en Kobe, Jap\u00f3n\",\"description\":\"Consulado Panama\",\"publisher\":{\"@id\":\"https:\/\/panakobeconsulate.jp\/ja\/#organization\"},\"potentialAction\":[{\"@type\":\"SearchAction\",\"target\":{\"@type\":\"EntryPoint\",\"urlTemplate\":\"https:\/\/panakobeconsulate.jp\/ja\/?s={search_term_string}\"},\"query-input\":{\"@type\":\"PropertyValueSpecification\",\"valueRequired\":true,\"valueName\":\"search_term_string\"}}],\"inLanguage\":\"es\"},{\"@type\":\"Organization\",\"@id\":\"https:\/\/panakobeconsulate.jp\/ja\/#organization\",\"name\":\"Consulado General de Panama en Kobe, Jap\u00f3n\",\"url\":\"https:\/\/panakobeconsulate.jp\/ja\/\",\"logo\":{\"@type\":\"ImageObject\",\"inLanguage\":\"es\",\"@id\":\"https:\/\/panakobeconsulate.jp\/ja\/#\/schema\/logo\/image\/\",\"url\":\"https:\/\/panakobeconsulate.jp\/wp-content\/uploads\/2023\/08\/LOGO-MINREX-150.png\",\"contentUrl\":\"https:\/\/panakobeconsulate.jp\/wp-content\/uploads\/2023\/08\/LOGO-MINREX-150.png\",\"width\":518,\"height\":150,\"caption\":\"Consulado General de Panama en Kobe, Jap\u00f3n\"},\"image\":{\"@id\":\"https:\/\/panakobeconsulate.jp\/ja\/#\/schema\/logo\/image\/\"}},{\"@type\":\"Person\",\"@id\":\"https:\/\/panakobeconsulate.jp\/ja\/#\/schema\/person\/367c3fc104e92f2878ce74a873af70fb\",\"name\":\"jferrada\",\"image\":{\"@type\":\"ImageObject\",\"inLanguage\":\"es\",\"@id\":\"https:\/\/panakobeconsulate.jp\/ja\/#\/schema\/person\/image\/\",\"url\":\"https:\/\/secure.gravatar.com\/avatar\/15a972c1a8b4626419cd73d9b6169d333417b1199613ad72ef45fca17745308b?s=96&d=mm&r=g\",\"contentUrl\":\"https:\/\/secure.gravatar.com\/avatar\/15a972c1a8b4626419cd73d9b6169d333417b1199613ad72ef45fca17745308b?s=96&d=mm&r=g\",\"caption\":\"jferrada\"},\"sameAs\":[\"https:\/\/panakobeconsulate.jp\"],\"url\":\"https:\/\/panakobeconsulate.jp\/es\/author\/jferrada\/\"}]}<\/script>\n<!-- \/ Yoast SEO Premium plugin. -->","yoast_head_json":{"title":"Expo 2025 OSAKA, JAPAN - Consulado General de Panama en Kobe, Jap\u00f3n","robots":{"index":"index","follow":"follow","max-snippet":"max-snippet:-1","max-image-preview":"max-image-preview:large","max-video-preview":"max-video-preview:-1"},"canonical":"https:\/\/panakobeconsulate.jp\/es\/expo-2025-osaka-japan\/","og_locale":"es_ES","og_type":"article","og_title":"Expo 2025 OSAKA, JAPAN","og_description":"Osaka, April 15, 2025 Panama officially opened its pavilion at Expo 2025 Osaka, marking its participation in one of the most important international events of the year, which brings together more than 150 countries under the theme &#8220;Designing the Future Society for Our Lives. Under the concept \u201cSaving Lives\u201d, the Panamanian pavilion offers a proposal [&hellip;]","og_url":"https:\/\/panakobeconsulate.jp\/es\/expo-2025-osaka-japan\/","og_site_name":"Consulado General de Panama en Kobe, Jap\u00f3n","article_published_time":"2025-04-17T12:41:58+00:00","article_modified_time":"2025-04-17T16:30:51+00:00","og_image":[{"width":1366,"height":663,"url":"https:\/\/panakobeconsulate.jp\/wp-content\/uploads\/2025\/04\/IMG_43082-Mediana.png","type":"image\/png"}],"author":"jferrada","twitter_card":"summary_large_image","twitter_misc":{"Escrito por":"jferrada","Tiempo de lectura":"2 minutos"},"schema":{"@context":"https:\/\/schema.org","@graph":[{"@type":"Article","@id":"https:\/\/panakobeconsulate.jp\/ja\/expo-2025-osaka-japan\/#article","isPartOf":{"@id":"https:\/\/panakobeconsulate.jp\/ja\/expo-2025-osaka-japan\/"},"author":{"name":"jferrada","@id":"https:\/\/panakobeconsulate.jp\/ja\/#\/schema\/person\/367c3fc104e92f2878ce74a873af70fb"},"headline":"Expo 2025 OSAKA, JAPAN","datePublished":"2025-04-17T12:41:58+00:00","dateModified":"2025-04-17T16:30:51+00:00","mainEntityOfPage":{"@id":"https:\/\/panakobeconsulate.jp\/ja\/expo-2025-osaka-japan\/"},"wordCount":344,"commentCount":0,"publisher":{"@id":"https:\/\/panakobeconsulate.jp\/ja\/#organization"},"image":{"@id":"https:\/\/panakobeconsulate.jp\/ja\/expo-2025-osaka-japan\/#primaryimage"},"thumbnailUrl":"https:\/\/panakobeconsulate.jp\/wp-content\/uploads\/2025\/04\/IMG_43082-Mediana.png","articleSection":["CONSULATE NEWS"],"inLanguage":"es"},{"@type":"WebPage","@id":"https:\/\/panakobeconsulate.jp\/ja\/expo-2025-osaka-japan\/","url":"https:\/\/panakobeconsulate.jp\/ja\/expo-2025-osaka-japan\/","name":"Expo 2025 OSAKA, JAPAN - Consulado General de Panama en Kobe, Jap\u00f3n","isPartOf":{"@id":"https:\/\/panakobeconsulate.jp\/ja\/#website"},"primaryImageOfPage":{"@id":"https:\/\/panakobeconsulate.jp\/ja\/expo-2025-osaka-japan\/#primaryimage"},"image":{"@id":"https:\/\/panakobeconsulate.jp\/ja\/expo-2025-osaka-japan\/#primaryimage"},"thumbnailUrl":"https:\/\/panakobeconsulate.jp\/wp-content\/uploads\/2025\/04\/IMG_43082-Mediana.png","datePublished":"2025-04-17T12:41:58+00:00","dateModified":"2025-04-17T16:30:51+00:00","breadcrumb":{"@id":"https:\/\/panakobeconsulate.jp\/ja\/expo-2025-osaka-japan\/#breadcrumb"},"inLanguage":"es","potentialAction":[{"@type":"ReadAction","target":["https:\/\/panakobeconsulate.jp\/ja\/expo-2025-osaka-japan\/"]}]},{"@type":"ImageObject","inLanguage":"es","@id":"https:\/\/panakobeconsulate.jp\/ja\/expo-2025-osaka-japan\/#primaryimage","url":"https:\/\/panakobeconsulate.jp\/wp-content\/uploads\/2025\/04\/IMG_43082-Mediana.png","contentUrl":"https:\/\/panakobeconsulate.jp\/wp-content\/uploads\/2025\/04\/IMG_43082-Mediana.png","width":1366,"height":663},{"@type":"BreadcrumbList","@id":"https:\/\/panakobeconsulate.jp\/ja\/expo-2025-osaka-japan\/#breadcrumb","itemListElement":[{"@type":"ListItem","position":1,"name":"Portada","item":"https:\/\/panakobeconsulate.jp\/ja\/"},{"@type":"ListItem","position":2,"name":"Expo 2025 OSAKA, JAPAN"}]},{"@type":"WebSite","@id":"https:\/\/panakobeconsulate.jp\/ja\/#website","url":"https:\/\/panakobeconsulate.jp\/ja\/","name":"Consulado General de Panama en Kobe, Jap\u00f3n","description":"Consulado Panama","publisher":{"@id":"https:\/\/panakobeconsulate.jp\/ja\/#organization"},"potentialAction":[{"@type":"SearchAction","target":{"@type":"EntryPoint","urlTemplate":"https:\/\/panakobeconsulate.jp\/ja\/?s={search_term_string}"},"query-input":{"@type":"PropertyValueSpecification","valueRequired":true,"valueName":"search_term_string"}}],"inLanguage":"es"},{"@type":"Organization","@id":"https:\/\/panakobeconsulate.jp\/ja\/#organization","name":"Consulado General de Panama en Kobe, Jap\u00f3n","url":"https:\/\/panakobeconsulate.jp\/ja\/","logo":{"@type":"ImageObject","inLanguage":"es","@id":"https:\/\/panakobeconsulate.jp\/ja\/#\/schema\/logo\/image\/","url":"https:\/\/panakobeconsulate.jp\/wp-content\/uploads\/2023\/08\/LOGO-MINREX-150.png","contentUrl":"https:\/\/panakobeconsulate.jp\/wp-content\/uploads\/2023\/08\/LOGO-MINREX-150.png","width":518,"height":150,"caption":"Consulado General de Panama en Kobe, Jap\u00f3n"},"image":{"@id":"https:\/\/panakobeconsulate.jp\/ja\/#\/schema\/logo\/image\/"}},{"@type":"Person","@id":"https:\/\/panakobeconsulate.jp\/ja\/#\/schema\/person\/367c3fc104e92f2878ce74a873af70fb","name":"jferrada","image":{"@type":"ImageObject","inLanguage":"es","@id":"https:\/\/panakobeconsulate.jp\/ja\/#\/schema\/person\/image\/","url":"https:\/\/secure.gravatar.com\/avatar\/15a972c1a8b4626419cd73d9b6169d333417b1199613ad72ef45fca17745308b?s=96&d=mm&r=g","contentUrl":"https:\/\/secure.gravatar.com\/avatar\/15a972c1a8b4626419cd73d9b6169d333417b1199613ad72ef45fca17745308b?s=96&d=mm&r=g","caption":"jferrada"},"sameAs":["https:\/\/panakobeconsulate.jp"],"url":"https:\/\/panakobeconsulate.jp\/es\/author\/jferrada\/"}]}},"_links":{"self":[{"href":"https:\/\/panakobeconsulate.jp\/es\/wp-json\/wp\/v2\/posts\/2966","targetHints":{"allow":["GET"]}}],"collection":[{"href":"https:\/\/panakobeconsulate.jp\/es\/wp-json\/wp\/v2\/posts"}],"about":[{"href":"https:\/\/panakobeconsulate.jp\/es\/wp-json\/wp\/v2\/types\/post"}],"author":[{"embeddable":true,"href":"https:\/\/panakobeconsulate.jp\/es\/wp-json\/wp\/v2\/users\/1"}],"replies":[{"embeddable":true,"href":"https:\/\/panakobeconsulate.jp\/es\/wp-json\/wp\/v2\/comments?post=2966"}],"version-history":[{"count":5,"href":"https:\/\/panakobeconsulate.jp\/es\/wp-json\/wp\/v2\/posts\/2966\/revisions"}],"predecessor-version":[{"id":2981,"href":"https:\/\/panakobeconsulate.jp\/es\/wp-json\/wp\/v2\/posts\/2966\/revisions\/2981"}],"wp:featuredmedia":[{"embeddable":true,"href":"https:\/\/panakobeconsulate.jp\/es\/wp-json\/wp\/v2\/media\/2980"}],"wp:attachment":[{"href":"https:\/\/panakobeconsulate.jp\/es\/wp-json\/wp\/v2\/media?parent=2966"}],"wp:term":[{"taxonomy":"category","embeddable":true,"href":"https:\/\/panakobeconsulate.jp\/es\/wp-json\/wp\/v2\/categories?post=2966"},{"taxonomy":"post_tag","embeddable":true,"href":"https:\/\/panakobeconsulate.jp\/es\/wp-json\/wp\/v2\/tags?post=2966"}],"curies":[{"name":"wp","href":"https:\/\/api.w.org\/{rel}","templated":true}]}}