{"id":2560,"date":"2024-05-30T09:13:41","date_gmt":"2024-05-30T14:13:41","guid":{"rendered":"https:\/\/panakobeconsulate.jp\/?p=2560"},"modified":"2024-05-30T09:13:41","modified_gmt":"2024-05-30T14:13:41","slug":"meeting-with-osaka-vice-governor","status":"publish","type":"post","link":"https:\/\/panakobeconsulate.jp\/es\/meeting-with-osaka-vice-governor\/","title":{"rendered":"Reuni\u00f3n con el Vicegobernador de Osaka."},"content":{"rendered":"<p>El d\u00eda 24 de mayo, nuestro C\u00f3nsul General, V\u00edctor J. Almengor C, tuvo una visita de cortes\u00eda al Vicegobernador de Osaka, Sr. Nobuhiko Yamaguchi. Durante la reuni\u00f3n, el C\u00f3nsul General Almengor expres\u00f3 su sincero agradecimiento al Gobierno de Osaka por su invaluable apoyo durante sus 4 a\u00f1os y 7 meses de mandato. Tambi\u00e9n aprovech\u00f3 para presentar a la se\u00f1orita Any Lam Chong, Segunda Secretaria de la Carrera Diplom\u00e1tica quien estar\u00e1 en el Consulado General preparando la participaci\u00f3n de Panam\u00e1 en la Expo 2025 Osaka. El Vicegobernador aplaudi\u00f3 al C\u00f3nsul General por sus esfuerzos excepcionales para fortalecer la relaci\u00f3n entre Osaka y Panam\u00e1. Ambos coincidieron en la importancia para la participaci\u00f3n de Panam\u00e1 en la Expo 2025 de Osaka, ya que la Expo 1970 celebrada en Jap\u00f3n trajo importantes inversiones japonesas a Panam\u00e1 como Panasonic e Hitachi.<\/p>\n\n\n\n<figure class=\"wp-block-gallery has-nested-images columns-default is-cropped wp-block-gallery-1 is-layout-flex wp-block-gallery-is-layout-flex\">\n<figure class=\"wp-block-image size-large\"><img fetchpriority=\"high\" decoding=\"async\" width=\"768\" height=\"1024\" data-id=\"2563\" src=\"https:\/\/panakobeconsulate.jp\/wp-content\/uploads\/2024\/05\/Imagen-de-WhatsApp-2024-05-30-a-las-08.19.16_2a8e9756-768x1024.jpg\" alt=\"\" class=\"wp-image-2563\" srcset=\"https:\/\/panakobeconsulate.jp\/wp-content\/uploads\/2024\/05\/Imagen-de-WhatsApp-2024-05-30-a-las-08.19.16_2a8e9756-768x1024.jpg 768w, https:\/\/panakobeconsulate.jp\/wp-content\/uploads\/2024\/05\/Imagen-de-WhatsApp-2024-05-30-a-las-08.19.16_2a8e9756-225x300.jpg 225w, https:\/\/panakobeconsulate.jp\/wp-content\/uploads\/2024\/05\/Imagen-de-WhatsApp-2024-05-30-a-las-08.19.16_2a8e9756-1152x1536.jpg 1152w, https:\/\/panakobeconsulate.jp\/wp-content\/uploads\/2024\/05\/Imagen-de-WhatsApp-2024-05-30-a-las-08.19.16_2a8e9756-9x12.jpg 9w, https:\/\/panakobeconsulate.jp\/wp-content\/uploads\/2024\/05\/Imagen-de-WhatsApp-2024-05-30-a-las-08.19.16_2a8e9756.jpg 1200w\" sizes=\"(max-width: 768px) 100vw, 768px\" \/><\/figure>\n\n\n\n<figure class=\"wp-block-image size-large\"><img decoding=\"async\" width=\"785\" height=\"1024\" data-id=\"2562\" src=\"https:\/\/panakobeconsulate.jp\/wp-content\/uploads\/2024\/05\/Imagen-de-WhatsApp-2024-05-30-a-las-08.19.16_588b4d3a-785x1024.jpg\" alt=\"\" class=\"wp-image-2562\" srcset=\"https:\/\/panakobeconsulate.jp\/wp-content\/uploads\/2024\/05\/Imagen-de-WhatsApp-2024-05-30-a-las-08.19.16_588b4d3a-785x1024.jpg 785w, https:\/\/panakobeconsulate.jp\/wp-content\/uploads\/2024\/05\/Imagen-de-WhatsApp-2024-05-30-a-las-08.19.16_588b4d3a-230x300.jpg 230w, https:\/\/panakobeconsulate.jp\/wp-content\/uploads\/2024\/05\/Imagen-de-WhatsApp-2024-05-30-a-las-08.19.16_588b4d3a-768x1002.jpg 768w, https:\/\/panakobeconsulate.jp\/wp-content\/uploads\/2024\/05\/Imagen-de-WhatsApp-2024-05-30-a-las-08.19.16_588b4d3a-9x12.jpg 9w, https:\/\/panakobeconsulate.jp\/wp-content\/uploads\/2024\/05\/Imagen-de-WhatsApp-2024-05-30-a-las-08.19.16_588b4d3a.jpg 1095w\" sizes=\"(max-width: 785px) 100vw, 785px\" \/><\/figure>\n<\/figure>","protected":false},"excerpt":{"rendered":"<p>El d\u00eda 24 de mayo, nuestro C\u00f3nsul General, V\u00edctor J. Almengor C, tuvo una visita de cortes\u00eda al Vicegobernador de Osaka, Sr. Nobuhiko Yamaguchi. Durante la reuni\u00f3n, el C\u00f3nsul General Almengor expres\u00f3 su sincero agradecimiento al Gobierno de Osaka por su invaluable apoyo durante sus 4 a\u00f1os y 7 meses de mandato. Tambi\u00e9n aprovech\u00f3 la oportunidad para presentar [\u2026]<\/p>","protected":false},"author":1,"featured_media":2561,"comment_status":"open","ping_status":"open","sticky":false,"template":"","format":"standard","meta":{"_uf_show_specific_survey":0,"_uf_disable_surveys":false,"site-sidebar-layout":"default","site-content-layout":"","ast-site-content-layout":"default","site-content-style":"default","site-sidebar-style":"default","ast-global-header-display":"","ast-banner-title-visibility":"","ast-main-header-display":"","ast-hfb-above-header-display":"","ast-hfb-below-header-display":"","ast-hfb-mobile-header-display":"","site-post-title":"","ast-breadcrumbs-content":"","ast-featured-img":"","footer-sml-layout":"","ast-disable-related-posts":"","theme-transparent-header-meta":"","adv-header-id-meta":"","stick-header-meta":"","header-above-stick-meta":"","header-main-stick-meta":"","header-below-stick-meta":"","astra-migrate-meta-layouts":"default","ast-page-background-enabled":"default","ast-page-background-meta":{"desktop":{"background-color":"var(--ast-global-color-4)","background-image":"","background-repeat":"repeat","background-position":"center center","background-size":"auto","background-attachment":"scroll","background-type":"","background-media":"","overlay-type":"","overlay-color":"","overlay-opacity":"","overlay-gradient":""},"tablet":{"background-color":"","background-image":"","background-repeat":"repeat","background-position":"center center","background-size":"auto","background-attachment":"scroll","background-type":"","background-media":"","overlay-type":"","overlay-color":"","overlay-opacity":"","overlay-gradient":""},"mobile":{"background-color":"","background-image":"","background-repeat":"repeat","background-position":"center center","background-size":"auto","background-attachment":"scroll","background-type":"","background-media":"","overlay-type":"","overlay-color":"","overlay-opacity":"","overlay-gradient":""}},"ast-content-background-meta":{"desktop":{"background-color":"var(--ast-global-color-5)","background-image":"","background-repeat":"repeat","background-position":"center center","background-size":"auto","background-attachment":"scroll","background-type":"","background-media":"","overlay-type":"","overlay-color":"","overlay-opacity":"","overlay-gradient":""},"tablet":{"background-color":"var(--ast-global-color-5)","background-image":"","background-repeat":"repeat","background-position":"center center","background-size":"auto","background-attachment":"scroll","background-type":"","background-media":"","overlay-type":"","overlay-color":"","overlay-opacity":"","overlay-gradient":""},"mobile":{"background-color":"var(--ast-global-color-5)","background-image":"","background-repeat":"repeat","background-position":"center center","background-size":"auto","background-attachment":"scroll","background-type":"","background-media":"","overlay-type":"","overlay-color":"","overlay-opacity":"","overlay-gradient":""}},"footnotes":""},"categories":[1],"tags":[],"class_list":["post-2560","post","type-post","status-publish","format-standard","has-post-thumbnail","hentry","category-consulate-news"],"yoast_head":"<!-- This site is optimized with the Yoast SEO Premium plugin v26.5 (Yoast SEO v26.5) - https:\/\/yoast.com\/wordpress\/plugins\/seo\/ -->\n<title>Meeting with Osaka Vice Governor. - Consulado General de Panama en Kobe, Jap\u00f3n<\/title>\n<meta name=\"robots\" content=\"index, follow, max-snippet:-1, max-image-preview:large, max-video-preview:-1\" \/>\n<link rel=\"canonical\" href=\"https:\/\/panakobeconsulate.jp\/es\/meeting-with-osaka-vice-governor\/\" \/>\n<meta property=\"og:locale\" content=\"es_ES\" \/>\n<meta property=\"og:type\" content=\"article\" \/>\n<meta property=\"og:title\" content=\"Meeting with Osaka Vice Governor.\" \/>\n<meta property=\"og:description\" content=\"On may 24th, our Consul General, Victor J. Almengor C, had a courtesy visit to the Vice Governor of Osaka, Mr. Nobuhiko Yamaguchi. During the meeting Consul General Almengor expressed sincere gratitude to the Osaka Government for its invaluable support throughout his 4 years and 7 months tenure. He also took the opportunity to introduce [&hellip;]\" \/>\n<meta property=\"og:url\" content=\"https:\/\/panakobeconsulate.jp\/es\/meeting-with-osaka-vice-governor\/\" \/>\n<meta property=\"og:site_name\" content=\"Consulado General de Panama en Kobe, Jap\u00f3n\" \/>\n<meta property=\"article:published_time\" content=\"2024-05-30T14:13:41+00:00\" \/>\n<meta property=\"og:image\" content=\"https:\/\/panakobeconsulate.jp\/wp-content\/uploads\/2024\/05\/Imagen-de-WhatsApp-2024-05-30-a-las-08.19.17_a8499dec_ia.jpg\" \/>\n\t<meta property=\"og:image:width\" content=\"2174\" \/>\n\t<meta property=\"og:image:height\" content=\"1160\" \/>\n\t<meta property=\"og:image:type\" content=\"image\/jpeg\" \/>\n<meta name=\"author\" content=\"jferrada\" \/>\n<meta name=\"twitter:card\" content=\"summary_large_image\" \/>\n<meta name=\"twitter:label1\" content=\"Escrito por\" \/>\n\t<meta name=\"twitter:data1\" content=\"jferrada\" \/>\n\t<meta name=\"twitter:label2\" content=\"Tiempo de lectura\" \/>\n\t<meta name=\"twitter:data2\" content=\"1 minuto\" \/>\n<script type=\"application\/ld+json\" class=\"yoast-schema-graph\">{\"@context\":\"https:\/\/schema.org\",\"@graph\":[{\"@type\":\"Article\",\"@id\":\"https:\/\/panakobeconsulate.jp\/meeting-with-osaka-vice-governor\/#article\",\"isPartOf\":{\"@id\":\"https:\/\/panakobeconsulate.jp\/meeting-with-osaka-vice-governor\/\"},\"author\":{\"name\":\"jferrada\",\"@id\":\"https:\/\/panakobeconsulate.jp\/ja\/#\/schema\/person\/367c3fc104e92f2878ce74a873af70fb\"},\"headline\":\"Meeting with Osaka Vice Governor.\",\"datePublished\":\"2024-05-30T14:13:41+00:00\",\"mainEntityOfPage\":{\"@id\":\"https:\/\/panakobeconsulate.jp\/meeting-with-osaka-vice-governor\/\"},\"wordCount\":126,\"commentCount\":0,\"publisher\":{\"@id\":\"https:\/\/panakobeconsulate.jp\/ja\/#organization\"},\"image\":{\"@id\":\"https:\/\/panakobeconsulate.jp\/meeting-with-osaka-vice-governor\/#primaryimage\"},\"thumbnailUrl\":\"https:\/\/panakobeconsulate.jp\/wp-content\/uploads\/2024\/05\/Imagen-de-WhatsApp-2024-05-30-a-las-08.19.17_a8499dec_ia.jpg\",\"articleSection\":[\"CONSULATE NEWS\"],\"inLanguage\":\"es\"},{\"@type\":\"WebPage\",\"@id\":\"https:\/\/panakobeconsulate.jp\/meeting-with-osaka-vice-governor\/\",\"url\":\"https:\/\/panakobeconsulate.jp\/meeting-with-osaka-vice-governor\/\",\"name\":\"Meeting with Osaka Vice Governor. - Consulado General de Panama en Kobe, Jap\u00f3n\",\"isPartOf\":{\"@id\":\"https:\/\/panakobeconsulate.jp\/ja\/#website\"},\"primaryImageOfPage\":{\"@id\":\"https:\/\/panakobeconsulate.jp\/meeting-with-osaka-vice-governor\/#primaryimage\"},\"image\":{\"@id\":\"https:\/\/panakobeconsulate.jp\/meeting-with-osaka-vice-governor\/#primaryimage\"},\"thumbnailUrl\":\"https:\/\/panakobeconsulate.jp\/wp-content\/uploads\/2024\/05\/Imagen-de-WhatsApp-2024-05-30-a-las-08.19.17_a8499dec_ia.jpg\",\"datePublished\":\"2024-05-30T14:13:41+00:00\",\"breadcrumb\":{\"@id\":\"https:\/\/panakobeconsulate.jp\/meeting-with-osaka-vice-governor\/#breadcrumb\"},\"inLanguage\":\"es\",\"potentialAction\":[{\"@type\":\"ReadAction\",\"target\":[\"https:\/\/panakobeconsulate.jp\/meeting-with-osaka-vice-governor\/\"]}]},{\"@type\":\"ImageObject\",\"inLanguage\":\"es\",\"@id\":\"https:\/\/panakobeconsulate.jp\/meeting-with-osaka-vice-governor\/#primaryimage\",\"url\":\"https:\/\/panakobeconsulate.jp\/wp-content\/uploads\/2024\/05\/Imagen-de-WhatsApp-2024-05-30-a-las-08.19.17_a8499dec_ia.jpg\",\"contentUrl\":\"https:\/\/panakobeconsulate.jp\/wp-content\/uploads\/2024\/05\/Imagen-de-WhatsApp-2024-05-30-a-las-08.19.17_a8499dec_ia.jpg\",\"width\":2174,\"height\":1160},{\"@type\":\"BreadcrumbList\",\"@id\":\"https:\/\/panakobeconsulate.jp\/meeting-with-osaka-vice-governor\/#breadcrumb\",\"itemListElement\":[{\"@type\":\"ListItem\",\"position\":1,\"name\":\"Portada\",\"item\":\"https:\/\/panakobeconsulate.jp\/ja\/\"},{\"@type\":\"ListItem\",\"position\":2,\"name\":\"Meeting with Osaka Vice Governor.\"}]},{\"@type\":\"WebSite\",\"@id\":\"https:\/\/panakobeconsulate.jp\/ja\/#website\",\"url\":\"https:\/\/panakobeconsulate.jp\/ja\/\",\"name\":\"Consulado General de Panama en Kobe, Jap\u00f3n\",\"description\":\"Consulado Panama\",\"publisher\":{\"@id\":\"https:\/\/panakobeconsulate.jp\/ja\/#organization\"},\"potentialAction\":[{\"@type\":\"SearchAction\",\"target\":{\"@type\":\"EntryPoint\",\"urlTemplate\":\"https:\/\/panakobeconsulate.jp\/ja\/?s={search_term_string}\"},\"query-input\":{\"@type\":\"PropertyValueSpecification\",\"valueRequired\":true,\"valueName\":\"search_term_string\"}}],\"inLanguage\":\"es\"},{\"@type\":\"Organization\",\"@id\":\"https:\/\/panakobeconsulate.jp\/ja\/#organization\",\"name\":\"Consulado General de Panama en Kobe, Jap\u00f3n\",\"url\":\"https:\/\/panakobeconsulate.jp\/ja\/\",\"logo\":{\"@type\":\"ImageObject\",\"inLanguage\":\"es\",\"@id\":\"https:\/\/panakobeconsulate.jp\/ja\/#\/schema\/logo\/image\/\",\"url\":\"https:\/\/panakobeconsulate.jp\/wp-content\/uploads\/2023\/08\/LOGO-MINREX-150.png\",\"contentUrl\":\"https:\/\/panakobeconsulate.jp\/wp-content\/uploads\/2023\/08\/LOGO-MINREX-150.png\",\"width\":518,\"height\":150,\"caption\":\"Consulado General de Panama en Kobe, Jap\u00f3n\"},\"image\":{\"@id\":\"https:\/\/panakobeconsulate.jp\/ja\/#\/schema\/logo\/image\/\"}},{\"@type\":\"Person\",\"@id\":\"https:\/\/panakobeconsulate.jp\/ja\/#\/schema\/person\/367c3fc104e92f2878ce74a873af70fb\",\"name\":\"jferrada\",\"image\":{\"@type\":\"ImageObject\",\"inLanguage\":\"es\",\"@id\":\"https:\/\/panakobeconsulate.jp\/ja\/#\/schema\/person\/image\/\",\"url\":\"https:\/\/secure.gravatar.com\/avatar\/15a972c1a8b4626419cd73d9b6169d333417b1199613ad72ef45fca17745308b?s=96&d=mm&r=g\",\"contentUrl\":\"https:\/\/secure.gravatar.com\/avatar\/15a972c1a8b4626419cd73d9b6169d333417b1199613ad72ef45fca17745308b?s=96&d=mm&r=g\",\"caption\":\"jferrada\"},\"sameAs\":[\"https:\/\/panakobeconsulate.jp\"],\"url\":\"https:\/\/panakobeconsulate.jp\/es\/author\/jferrada\/\"}]}<\/script>\n<!-- \/ Yoast SEO Premium plugin. -->","yoast_head_json":{"title":"Meeting with Osaka Vice Governor. - Consulado General de Panama en Kobe, Jap\u00f3n","robots":{"index":"index","follow":"follow","max-snippet":"max-snippet:-1","max-image-preview":"max-image-preview:large","max-video-preview":"max-video-preview:-1"},"canonical":"https:\/\/panakobeconsulate.jp\/es\/meeting-with-osaka-vice-governor\/","og_locale":"es_ES","og_type":"article","og_title":"Meeting with Osaka Vice Governor.","og_description":"On may 24th, our Consul General, Victor J. Almengor C, had a courtesy visit to the Vice Governor of Osaka, Mr. Nobuhiko Yamaguchi. During the meeting Consul General Almengor expressed sincere gratitude to the Osaka Government for its invaluable support throughout his 4 years and 7 months tenure. He also took the opportunity to introduce [&hellip;]","og_url":"https:\/\/panakobeconsulate.jp\/es\/meeting-with-osaka-vice-governor\/","og_site_name":"Consulado General de Panama en Kobe, Jap\u00f3n","article_published_time":"2024-05-30T14:13:41+00:00","og_image":[{"width":2174,"height":1160,"url":"https:\/\/panakobeconsulate.jp\/wp-content\/uploads\/2024\/05\/Imagen-de-WhatsApp-2024-05-30-a-las-08.19.17_a8499dec_ia.jpg","type":"image\/jpeg"}],"author":"jferrada","twitter_card":"summary_large_image","twitter_misc":{"Escrito por":"jferrada","Tiempo de lectura":"1 minuto"},"schema":{"@context":"https:\/\/schema.org","@graph":[{"@type":"Article","@id":"https:\/\/panakobeconsulate.jp\/meeting-with-osaka-vice-governor\/#article","isPartOf":{"@id":"https:\/\/panakobeconsulate.jp\/meeting-with-osaka-vice-governor\/"},"author":{"name":"jferrada","@id":"https:\/\/panakobeconsulate.jp\/ja\/#\/schema\/person\/367c3fc104e92f2878ce74a873af70fb"},"headline":"Meeting with Osaka Vice Governor.","datePublished":"2024-05-30T14:13:41+00:00","mainEntityOfPage":{"@id":"https:\/\/panakobeconsulate.jp\/meeting-with-osaka-vice-governor\/"},"wordCount":126,"commentCount":0,"publisher":{"@id":"https:\/\/panakobeconsulate.jp\/ja\/#organization"},"image":{"@id":"https:\/\/panakobeconsulate.jp\/meeting-with-osaka-vice-governor\/#primaryimage"},"thumbnailUrl":"https:\/\/panakobeconsulate.jp\/wp-content\/uploads\/2024\/05\/Imagen-de-WhatsApp-2024-05-30-a-las-08.19.17_a8499dec_ia.jpg","articleSection":["CONSULATE NEWS"],"inLanguage":"es"},{"@type":"WebPage","@id":"https:\/\/panakobeconsulate.jp\/meeting-with-osaka-vice-governor\/","url":"https:\/\/panakobeconsulate.jp\/meeting-with-osaka-vice-governor\/","name":"Meeting with Osaka Vice Governor. - Consulado General de Panama en Kobe, Jap\u00f3n","isPartOf":{"@id":"https:\/\/panakobeconsulate.jp\/ja\/#website"},"primaryImageOfPage":{"@id":"https:\/\/panakobeconsulate.jp\/meeting-with-osaka-vice-governor\/#primaryimage"},"image":{"@id":"https:\/\/panakobeconsulate.jp\/meeting-with-osaka-vice-governor\/#primaryimage"},"thumbnailUrl":"https:\/\/panakobeconsulate.jp\/wp-content\/uploads\/2024\/05\/Imagen-de-WhatsApp-2024-05-30-a-las-08.19.17_a8499dec_ia.jpg","datePublished":"2024-05-30T14:13:41+00:00","breadcrumb":{"@id":"https:\/\/panakobeconsulate.jp\/meeting-with-osaka-vice-governor\/#breadcrumb"},"inLanguage":"es","potentialAction":[{"@type":"ReadAction","target":["https:\/\/panakobeconsulate.jp\/meeting-with-osaka-vice-governor\/"]}]},{"@type":"ImageObject","inLanguage":"es","@id":"https:\/\/panakobeconsulate.jp\/meeting-with-osaka-vice-governor\/#primaryimage","url":"https:\/\/panakobeconsulate.jp\/wp-content\/uploads\/2024\/05\/Imagen-de-WhatsApp-2024-05-30-a-las-08.19.17_a8499dec_ia.jpg","contentUrl":"https:\/\/panakobeconsulate.jp\/wp-content\/uploads\/2024\/05\/Imagen-de-WhatsApp-2024-05-30-a-las-08.19.17_a8499dec_ia.jpg","width":2174,"height":1160},{"@type":"BreadcrumbList","@id":"https:\/\/panakobeconsulate.jp\/meeting-with-osaka-vice-governor\/#breadcrumb","itemListElement":[{"@type":"ListItem","position":1,"name":"Portada","item":"https:\/\/panakobeconsulate.jp\/ja\/"},{"@type":"ListItem","position":2,"name":"Meeting with Osaka Vice Governor."}]},{"@type":"WebSite","@id":"https:\/\/panakobeconsulate.jp\/ja\/#website","url":"https:\/\/panakobeconsulate.jp\/ja\/","name":"Consulado General de Panama en Kobe, Jap\u00f3n","description":"Consulado Panama","publisher":{"@id":"https:\/\/panakobeconsulate.jp\/ja\/#organization"},"potentialAction":[{"@type":"SearchAction","target":{"@type":"EntryPoint","urlTemplate":"https:\/\/panakobeconsulate.jp\/ja\/?s={search_term_string}"},"query-input":{"@type":"PropertyValueSpecification","valueRequired":true,"valueName":"search_term_string"}}],"inLanguage":"es"},{"@type":"Organization","@id":"https:\/\/panakobeconsulate.jp\/ja\/#organization","name":"Consulado General de Panama en Kobe, Jap\u00f3n","url":"https:\/\/panakobeconsulate.jp\/ja\/","logo":{"@type":"ImageObject","inLanguage":"es","@id":"https:\/\/panakobeconsulate.jp\/ja\/#\/schema\/logo\/image\/","url":"https:\/\/panakobeconsulate.jp\/wp-content\/uploads\/2023\/08\/LOGO-MINREX-150.png","contentUrl":"https:\/\/panakobeconsulate.jp\/wp-content\/uploads\/2023\/08\/LOGO-MINREX-150.png","width":518,"height":150,"caption":"Consulado General de Panama en Kobe, Jap\u00f3n"},"image":{"@id":"https:\/\/panakobeconsulate.jp\/ja\/#\/schema\/logo\/image\/"}},{"@type":"Person","@id":"https:\/\/panakobeconsulate.jp\/ja\/#\/schema\/person\/367c3fc104e92f2878ce74a873af70fb","name":"jferrada","image":{"@type":"ImageObject","inLanguage":"es","@id":"https:\/\/panakobeconsulate.jp\/ja\/#\/schema\/person\/image\/","url":"https:\/\/secure.gravatar.com\/avatar\/15a972c1a8b4626419cd73d9b6169d333417b1199613ad72ef45fca17745308b?s=96&d=mm&r=g","contentUrl":"https:\/\/secure.gravatar.com\/avatar\/15a972c1a8b4626419cd73d9b6169d333417b1199613ad72ef45fca17745308b?s=96&d=mm&r=g","caption":"jferrada"},"sameAs":["https:\/\/panakobeconsulate.jp"],"url":"https:\/\/panakobeconsulate.jp\/es\/author\/jferrada\/"}]}},"_links":{"self":[{"href":"https:\/\/panakobeconsulate.jp\/es\/wp-json\/wp\/v2\/posts\/2560","targetHints":{"allow":["GET"]}}],"collection":[{"href":"https:\/\/panakobeconsulate.jp\/es\/wp-json\/wp\/v2\/posts"}],"about":[{"href":"https:\/\/panakobeconsulate.jp\/es\/wp-json\/wp\/v2\/types\/post"}],"author":[{"embeddable":true,"href":"https:\/\/panakobeconsulate.jp\/es\/wp-json\/wp\/v2\/users\/1"}],"replies":[{"embeddable":true,"href":"https:\/\/panakobeconsulate.jp\/es\/wp-json\/wp\/v2\/comments?post=2560"}],"version-history":[{"count":1,"href":"https:\/\/panakobeconsulate.jp\/es\/wp-json\/wp\/v2\/posts\/2560\/revisions"}],"predecessor-version":[{"id":2564,"href":"https:\/\/panakobeconsulate.jp\/es\/wp-json\/wp\/v2\/posts\/2560\/revisions\/2564"}],"wp:featuredmedia":[{"embeddable":true,"href":"https:\/\/panakobeconsulate.jp\/es\/wp-json\/wp\/v2\/media\/2561"}],"wp:attachment":[{"href":"https:\/\/panakobeconsulate.jp\/es\/wp-json\/wp\/v2\/media?parent=2560"}],"wp:term":[{"taxonomy":"category","embeddable":true,"href":"https:\/\/panakobeconsulate.jp\/es\/wp-json\/wp\/v2\/categories?post=2560"},{"taxonomy":"post_tag","embeddable":true,"href":"https:\/\/panakobeconsulate.jp\/es\/wp-json\/wp\/v2\/tags?post=2560"}],"curies":[{"name":"wp","href":"https:\/\/api.w.org\/{rel}","templated":true}]}}