{"id":2157,"date":"2022-10-22T17:52:00","date_gmt":"2022-10-22T22:52:00","guid":{"rendered":"https:\/\/panakobeconsulate.jp\/?p=2157"},"modified":"2023-10-18T18:22:58","modified_gmt":"2023-10-18T23:22:58","slug":"the-republic-of-panama-confirms-its-participation-at-the-osaka-world-expo-2025-and-participates-at-the-first-international-planning-meeting-2022","status":"publish","type":"post","link":"https:\/\/panakobeconsulate.jp\/es\/the-republic-of-panama-confirms-its-participation-at-the-osaka-world-expo-2025-and-participates-at-the-first-international-planning-meeting-2022\/","title":{"rendered":"La Rep\u00fablica de Panam\u00e1 confirma su participaci\u00f3n en la Expo Mundial Osaka 2025 y participa en el primer Encuentro Internacional de Planificaci\u00f3n 2022."},"content":{"rendered":"<p>El Embajador de la Rep\u00fablica de Panam\u00e1 en Jap\u00f3n, SE, Carlos Per\u00e9 y el C\u00f3nsul General de la Rep\u00fablica de Panam\u00e1 en Kobe, Jap\u00f3n, Sr. V\u00edctor Almengor, participaron en la primera Reuni\u00f3n Internacional de Planificaci\u00f3n celebrada en la ciudad de Osaka los d\u00edas 25 y 26 de 2022.<\/p>\n\n\n\n<p>Tras la confirmaci\u00f3n de la participaci\u00f3n de la Rep\u00fablica de Panam\u00e1 en la pr\u00f3xima Expo Osaka 2025, ambos delegados representaron a Panam\u00e1 en esta primera conferencia en la que recibieron la explicaci\u00f3n inicial de las posibles exhibiciones de pabellones y la descripci\u00f3n de eventos culturales y acad\u00e9micos que podr\u00e1n realizarse. realizado por cada pa\u00eds dentro de la Expo.<\/p>\n\n\n\n<figure class=\"wp-block-gallery has-nested-images columns-default is-cropped wp-block-gallery-1 is-layout-flex wp-block-gallery-is-layout-flex\">\n<figure class=\"wp-block-image size-large\"><img fetchpriority=\"high\" decoding=\"async\" width=\"1024\" height=\"768\" data-id=\"2161\" src=\"https:\/\/panakobeconsulate.jp\/wp-content\/uploads\/2023\/10\/IMG_4805-1024x768.jpg\" alt=\"\" class=\"wp-image-2161\" srcset=\"https:\/\/panakobeconsulate.jp\/wp-content\/uploads\/2023\/10\/IMG_4805-1024x768.jpg 1024w, https:\/\/panakobeconsulate.jp\/wp-content\/uploads\/2023\/10\/IMG_4805-300x225.jpg 300w, https:\/\/panakobeconsulate.jp\/wp-content\/uploads\/2023\/10\/IMG_4805-768x576.jpg 768w, https:\/\/panakobeconsulate.jp\/wp-content\/uploads\/2023\/10\/IMG_4805-1536x1152.jpg 1536w, https:\/\/panakobeconsulate.jp\/wp-content\/uploads\/2023\/10\/IMG_4805-2048x1536.jpg 2048w, https:\/\/panakobeconsulate.jp\/wp-content\/uploads\/2023\/10\/IMG_4805-16x12.jpg 16w\" sizes=\"(max-width: 1024px) 100vw, 1024px\" \/><\/figure>\n\n\n\n<figure class=\"wp-block-image size-large\"><img decoding=\"async\" width=\"768\" height=\"1024\" data-id=\"2160\" src=\"https:\/\/panakobeconsulate.jp\/wp-content\/uploads\/2023\/10\/image002-3-768x1024.jpg\" alt=\"\" class=\"wp-image-2160\" srcset=\"https:\/\/panakobeconsulate.jp\/wp-content\/uploads\/2023\/10\/image002-3-768x1024.jpg 768w, https:\/\/panakobeconsulate.jp\/wp-content\/uploads\/2023\/10\/image002-3-225x300.jpg 225w, https:\/\/panakobeconsulate.jp\/wp-content\/uploads\/2023\/10\/image002-3-1152x1536.jpg 1152w, https:\/\/panakobeconsulate.jp\/wp-content\/uploads\/2023\/10\/image002-3-1536x2048.jpg 1536w, https:\/\/panakobeconsulate.jp\/wp-content\/uploads\/2023\/10\/image002-3-9x12.jpg 9w, https:\/\/panakobeconsulate.jp\/wp-content\/uploads\/2023\/10\/image002-3-scaled.jpg 1920w\" sizes=\"(max-width: 768px) 100vw, 768px\" \/><\/figure>\n\n\n\n<figure class=\"wp-block-image size-large\"><img decoding=\"async\" width=\"1024\" height=\"893\" data-id=\"2159\" src=\"https:\/\/panakobeconsulate.jp\/wp-content\/uploads\/2023\/10\/Panama-confirms-participation-Osaka-Expo-1024x893.jpg\" alt=\"\" class=\"wp-image-2159\" srcset=\"https:\/\/panakobeconsulate.jp\/wp-content\/uploads\/2023\/10\/Panama-confirms-participation-Osaka-Expo-1024x893.jpg 1024w, https:\/\/panakobeconsulate.jp\/wp-content\/uploads\/2023\/10\/Panama-confirms-participation-Osaka-Expo-300x262.jpg 300w, https:\/\/panakobeconsulate.jp\/wp-content\/uploads\/2023\/10\/Panama-confirms-participation-Osaka-Expo-768x670.jpg 768w, https:\/\/panakobeconsulate.jp\/wp-content\/uploads\/2023\/10\/Panama-confirms-participation-Osaka-Expo-14x12.jpg 14w, https:\/\/panakobeconsulate.jp\/wp-content\/uploads\/2023\/10\/Panama-confirms-participation-Osaka-Expo.jpg 1067w\" sizes=\"(max-width: 1024px) 100vw, 1024px\" \/><\/figure>\n<\/figure>","protected":false},"excerpt":{"rendered":"<p>El Embajador de la Rep\u00fablica de Panam\u00e1 en Jap\u00f3n, SE, Carlos Per\u00e9 y el C\u00f3nsul General de la Rep\u00fablica de Panam\u00e1 en Kobe, Jap\u00f3n, Sr. V\u00edctor Almengor, participaron en la primera Reuni\u00f3n Internacional de Planificaci\u00f3n celebrada en la ciudad de Osaka los d\u00edas 25 y 26 de 2022. Tras la confirmaci\u00f3n de la participaci\u00f3n de la Rep\u00fablica [\u2026]<\/p>","protected":false},"author":1,"featured_media":2158,"comment_status":"open","ping_status":"open","sticky":false,"template":"","format":"standard","meta":{"_uf_show_specific_survey":0,"_uf_disable_surveys":false,"site-sidebar-layout":"default","site-content-layout":"","ast-site-content-layout":"default","site-content-style":"default","site-sidebar-style":"default","ast-global-header-display":"","ast-banner-title-visibility":"","ast-main-header-display":"","ast-hfb-above-header-display":"","ast-hfb-below-header-display":"","ast-hfb-mobile-header-display":"","site-post-title":"","ast-breadcrumbs-content":"","ast-featured-img":"","footer-sml-layout":"","ast-disable-related-posts":"","theme-transparent-header-meta":"","adv-header-id-meta":"","stick-header-meta":"","header-above-stick-meta":"","header-main-stick-meta":"","header-below-stick-meta":"","astra-migrate-meta-layouts":"default","ast-page-background-enabled":"default","ast-page-background-meta":{"desktop":{"background-color":"var(--ast-global-color-4)","background-image":"","background-repeat":"repeat","background-position":"center center","background-size":"auto","background-attachment":"scroll","background-type":"","background-media":"","overlay-type":"","overlay-color":"","overlay-opacity":"","overlay-gradient":""},"tablet":{"background-color":"","background-image":"","background-repeat":"repeat","background-position":"center center","background-size":"auto","background-attachment":"scroll","background-type":"","background-media":"","overlay-type":"","overlay-color":"","overlay-opacity":"","overlay-gradient":""},"mobile":{"background-color":"","background-image":"","background-repeat":"repeat","background-position":"center center","background-size":"auto","background-attachment":"scroll","background-type":"","background-media":"","overlay-type":"","overlay-color":"","overlay-opacity":"","overlay-gradient":""}},"ast-content-background-meta":{"desktop":{"background-color":"var(--ast-global-color-5)","background-image":"","background-repeat":"repeat","background-position":"center center","background-size":"auto","background-attachment":"scroll","background-type":"","background-media":"","overlay-type":"","overlay-color":"","overlay-opacity":"","overlay-gradient":""},"tablet":{"background-color":"var(--ast-global-color-5)","background-image":"","background-repeat":"repeat","background-position":"center center","background-size":"auto","background-attachment":"scroll","background-type":"","background-media":"","overlay-type":"","overlay-color":"","overlay-opacity":"","overlay-gradient":""},"mobile":{"background-color":"var(--ast-global-color-5)","background-image":"","background-repeat":"repeat","background-position":"center center","background-size":"auto","background-attachment":"scroll","background-type":"","background-media":"","overlay-type":"","overlay-color":"","overlay-opacity":"","overlay-gradient":""}},"footnotes":""},"categories":[1],"tags":[],"class_list":["post-2157","post","type-post","status-publish","format-standard","has-post-thumbnail","hentry","category-consulate-news"],"yoast_head":"<!-- This site is optimized with the Yoast SEO Premium plugin v26.5 (Yoast SEO v26.5) - https:\/\/yoast.com\/wordpress\/plugins\/seo\/ -->\n<title>The Republic of Panama confirms its participation at the Osaka World Expo 2025 and participates at the first International Planning Meeting 2022. - Consulado General de Panama en Kobe, Jap\u00f3n<\/title>\n<meta name=\"robots\" content=\"index, follow, max-snippet:-1, max-image-preview:large, max-video-preview:-1\" \/>\n<link rel=\"canonical\" href=\"https:\/\/panakobeconsulate.jp\/es\/the-republic-of-panama-confirms-its-participation-at-the-osaka-world-expo-2025-and-participates-at-the-first-international-planning-meeting-2022\/\" \/>\n<meta property=\"og:locale\" content=\"es_ES\" \/>\n<meta property=\"og:type\" content=\"article\" \/>\n<meta property=\"og:title\" content=\"The Republic of Panama confirms its participation at the Osaka World Expo 2025 and participates at the first International Planning Meeting 2022.\" \/>\n<meta property=\"og:description\" content=\"The Ambassador of the Republic of Panama to Japan, H.E., Carlos Per\u00e9 and the Consul General of the Republic of Panama in Kobe, Japan, Mr. Victor Almengor, participated at the first International Planning Meeting held in the city of Osaka on October 25th and 26th, 2022. Following the confirmation of the participation of the Republic [&hellip;]\" \/>\n<meta property=\"og:url\" content=\"https:\/\/panakobeconsulate.jp\/es\/the-republic-of-panama-confirms-its-participation-at-the-osaka-world-expo-2025-and-participates-at-the-first-international-planning-meeting-2022\/\" \/>\n<meta property=\"og:site_name\" content=\"Consulado General de Panama en Kobe, Jap\u00f3n\" \/>\n<meta property=\"article:published_time\" content=\"2022-10-22T22:52:00+00:00\" \/>\n<meta property=\"article:modified_time\" content=\"2023-10-18T23:22:58+00:00\" \/>\n<meta property=\"og:image\" content=\"https:\/\/panakobeconsulate.jp\/wp-content\/uploads\/2023\/10\/IMG_4874-scaled.jpg\" \/>\n\t<meta property=\"og:image:width\" content=\"2560\" \/>\n\t<meta property=\"og:image:height\" content=\"1920\" \/>\n\t<meta property=\"og:image:type\" content=\"image\/jpeg\" \/>\n<meta name=\"author\" content=\"jferrada\" \/>\n<meta name=\"twitter:card\" content=\"summary_large_image\" \/>\n<meta name=\"twitter:label1\" content=\"Escrito por\" \/>\n\t<meta name=\"twitter:data1\" content=\"jferrada\" \/>\n\t<meta name=\"twitter:label2\" content=\"Tiempo de lectura\" \/>\n\t<meta name=\"twitter:data2\" content=\"1 minuto\" \/>\n<script type=\"application\/ld+json\" class=\"yoast-schema-graph\">{\"@context\":\"https:\/\/schema.org\",\"@graph\":[{\"@type\":\"Article\",\"@id\":\"https:\/\/panakobeconsulate.jp\/the-republic-of-panama-confirms-its-participation-at-the-osaka-world-expo-2025-and-participates-at-the-first-international-planning-meeting-2022\/#article\",\"isPartOf\":{\"@id\":\"https:\/\/panakobeconsulate.jp\/the-republic-of-panama-confirms-its-participation-at-the-osaka-world-expo-2025-and-participates-at-the-first-international-planning-meeting-2022\/\"},\"author\":{\"name\":\"jferrada\",\"@id\":\"https:\/\/panakobeconsulate.jp\/ja\/#\/schema\/person\/367c3fc104e92f2878ce74a873af70fb\"},\"headline\":\"The Republic of Panama confirms its participation at the Osaka World Expo 2025 and participates at the first International Planning Meeting 2022.\",\"datePublished\":\"2022-10-22T22:52:00+00:00\",\"dateModified\":\"2023-10-18T23:22:58+00:00\",\"mainEntityOfPage\":{\"@id\":\"https:\/\/panakobeconsulate.jp\/the-republic-of-panama-confirms-its-participation-at-the-osaka-world-expo-2025-and-participates-at-the-first-international-planning-meeting-2022\/\"},\"wordCount\":121,\"commentCount\":0,\"publisher\":{\"@id\":\"https:\/\/panakobeconsulate.jp\/ja\/#organization\"},\"image\":{\"@id\":\"https:\/\/panakobeconsulate.jp\/the-republic-of-panama-confirms-its-participation-at-the-osaka-world-expo-2025-and-participates-at-the-first-international-planning-meeting-2022\/#primaryimage\"},\"thumbnailUrl\":\"https:\/\/panakobeconsulate.jp\/wp-content\/uploads\/2023\/10\/IMG_4874-scaled.jpg\",\"articleSection\":[\"CONSULATE NEWS\"],\"inLanguage\":\"es\"},{\"@type\":\"WebPage\",\"@id\":\"https:\/\/panakobeconsulate.jp\/the-republic-of-panama-confirms-its-participation-at-the-osaka-world-expo-2025-and-participates-at-the-first-international-planning-meeting-2022\/\",\"url\":\"https:\/\/panakobeconsulate.jp\/the-republic-of-panama-confirms-its-participation-at-the-osaka-world-expo-2025-and-participates-at-the-first-international-planning-meeting-2022\/\",\"name\":\"The Republic of Panama confirms its participation at the Osaka World Expo 2025 and participates at the first International Planning Meeting 2022. - Consulado General de Panama en Kobe, Jap\u00f3n\",\"isPartOf\":{\"@id\":\"https:\/\/panakobeconsulate.jp\/ja\/#website\"},\"primaryImageOfPage\":{\"@id\":\"https:\/\/panakobeconsulate.jp\/the-republic-of-panama-confirms-its-participation-at-the-osaka-world-expo-2025-and-participates-at-the-first-international-planning-meeting-2022\/#primaryimage\"},\"image\":{\"@id\":\"https:\/\/panakobeconsulate.jp\/the-republic-of-panama-confirms-its-participation-at-the-osaka-world-expo-2025-and-participates-at-the-first-international-planning-meeting-2022\/#primaryimage\"},\"thumbnailUrl\":\"https:\/\/panakobeconsulate.jp\/wp-content\/uploads\/2023\/10\/IMG_4874-scaled.jpg\",\"datePublished\":\"2022-10-22T22:52:00+00:00\",\"dateModified\":\"2023-10-18T23:22:58+00:00\",\"breadcrumb\":{\"@id\":\"https:\/\/panakobeconsulate.jp\/the-republic-of-panama-confirms-its-participation-at-the-osaka-world-expo-2025-and-participates-at-the-first-international-planning-meeting-2022\/#breadcrumb\"},\"inLanguage\":\"es\",\"potentialAction\":[{\"@type\":\"ReadAction\",\"target\":[\"https:\/\/panakobeconsulate.jp\/the-republic-of-panama-confirms-its-participation-at-the-osaka-world-expo-2025-and-participates-at-the-first-international-planning-meeting-2022\/\"]}]},{\"@type\":\"ImageObject\",\"inLanguage\":\"es\",\"@id\":\"https:\/\/panakobeconsulate.jp\/the-republic-of-panama-confirms-its-participation-at-the-osaka-world-expo-2025-and-participates-at-the-first-international-planning-meeting-2022\/#primaryimage\",\"url\":\"https:\/\/panakobeconsulate.jp\/wp-content\/uploads\/2023\/10\/IMG_4874-scaled.jpg\",\"contentUrl\":\"https:\/\/panakobeconsulate.jp\/wp-content\/uploads\/2023\/10\/IMG_4874-scaled.jpg\",\"width\":2560,\"height\":1920},{\"@type\":\"BreadcrumbList\",\"@id\":\"https:\/\/panakobeconsulate.jp\/the-republic-of-panama-confirms-its-participation-at-the-osaka-world-expo-2025-and-participates-at-the-first-international-planning-meeting-2022\/#breadcrumb\",\"itemListElement\":[{\"@type\":\"ListItem\",\"position\":1,\"name\":\"Portada\",\"item\":\"https:\/\/panakobeconsulate.jp\/ja\/\"},{\"@type\":\"ListItem\",\"position\":2,\"name\":\"The Republic of Panama confirms its participation at the Osaka World Expo 2025 and participates at the first International Planning Meeting 2022.\"}]},{\"@type\":\"WebSite\",\"@id\":\"https:\/\/panakobeconsulate.jp\/ja\/#website\",\"url\":\"https:\/\/panakobeconsulate.jp\/ja\/\",\"name\":\"Consulado General de Panama en Kobe, Jap\u00f3n\",\"description\":\"Consulado Panama\",\"publisher\":{\"@id\":\"https:\/\/panakobeconsulate.jp\/ja\/#organization\"},\"potentialAction\":[{\"@type\":\"SearchAction\",\"target\":{\"@type\":\"EntryPoint\",\"urlTemplate\":\"https:\/\/panakobeconsulate.jp\/ja\/?s={search_term_string}\"},\"query-input\":{\"@type\":\"PropertyValueSpecification\",\"valueRequired\":true,\"valueName\":\"search_term_string\"}}],\"inLanguage\":\"es\"},{\"@type\":\"Organization\",\"@id\":\"https:\/\/panakobeconsulate.jp\/ja\/#organization\",\"name\":\"Consulado General de Panama en Kobe, Jap\u00f3n\",\"url\":\"https:\/\/panakobeconsulate.jp\/ja\/\",\"logo\":{\"@type\":\"ImageObject\",\"inLanguage\":\"es\",\"@id\":\"https:\/\/panakobeconsulate.jp\/ja\/#\/schema\/logo\/image\/\",\"url\":\"https:\/\/panakobeconsulate.jp\/wp-content\/uploads\/2023\/08\/LOGO-MINREX-150.png\",\"contentUrl\":\"https:\/\/panakobeconsulate.jp\/wp-content\/uploads\/2023\/08\/LOGO-MINREX-150.png\",\"width\":518,\"height\":150,\"caption\":\"Consulado General de Panama en Kobe, Jap\u00f3n\"},\"image\":{\"@id\":\"https:\/\/panakobeconsulate.jp\/ja\/#\/schema\/logo\/image\/\"}},{\"@type\":\"Person\",\"@id\":\"https:\/\/panakobeconsulate.jp\/ja\/#\/schema\/person\/367c3fc104e92f2878ce74a873af70fb\",\"name\":\"jferrada\",\"image\":{\"@type\":\"ImageObject\",\"inLanguage\":\"es\",\"@id\":\"https:\/\/panakobeconsulate.jp\/ja\/#\/schema\/person\/image\/\",\"url\":\"https:\/\/secure.gravatar.com\/avatar\/15a972c1a8b4626419cd73d9b6169d333417b1199613ad72ef45fca17745308b?s=96&d=mm&r=g\",\"contentUrl\":\"https:\/\/secure.gravatar.com\/avatar\/15a972c1a8b4626419cd73d9b6169d333417b1199613ad72ef45fca17745308b?s=96&d=mm&r=g\",\"caption\":\"jferrada\"},\"sameAs\":[\"https:\/\/panakobeconsulate.jp\"],\"url\":\"https:\/\/panakobeconsulate.jp\/es\/author\/jferrada\/\"}]}<\/script>\n<!-- \/ Yoast SEO Premium plugin. -->","yoast_head_json":{"title":"The Republic of Panama confirms its participation at the Osaka World Expo 2025 and participates at the first International Planning Meeting 2022. - Consulado General de Panama en Kobe, Jap\u00f3n","robots":{"index":"index","follow":"follow","max-snippet":"max-snippet:-1","max-image-preview":"max-image-preview:large","max-video-preview":"max-video-preview:-1"},"canonical":"https:\/\/panakobeconsulate.jp\/es\/the-republic-of-panama-confirms-its-participation-at-the-osaka-world-expo-2025-and-participates-at-the-first-international-planning-meeting-2022\/","og_locale":"es_ES","og_type":"article","og_title":"The Republic of Panama confirms its participation at the Osaka World Expo 2025 and participates at the first International Planning Meeting 2022.","og_description":"The Ambassador of the Republic of Panama to Japan, H.E., Carlos Per\u00e9 and the Consul General of the Republic of Panama in Kobe, Japan, Mr. Victor Almengor, participated at the first International Planning Meeting held in the city of Osaka on October 25th and 26th, 2022. Following the confirmation of the participation of the Republic [&hellip;]","og_url":"https:\/\/panakobeconsulate.jp\/es\/the-republic-of-panama-confirms-its-participation-at-the-osaka-world-expo-2025-and-participates-at-the-first-international-planning-meeting-2022\/","og_site_name":"Consulado General de Panama en Kobe, Jap\u00f3n","article_published_time":"2022-10-22T22:52:00+00:00","article_modified_time":"2023-10-18T23:22:58+00:00","og_image":[{"width":2560,"height":1920,"url":"https:\/\/panakobeconsulate.jp\/wp-content\/uploads\/2023\/10\/IMG_4874-scaled.jpg","type":"image\/jpeg"}],"author":"jferrada","twitter_card":"summary_large_image","twitter_misc":{"Escrito por":"jferrada","Tiempo de lectura":"1 minuto"},"schema":{"@context":"https:\/\/schema.org","@graph":[{"@type":"Article","@id":"https:\/\/panakobeconsulate.jp\/the-republic-of-panama-confirms-its-participation-at-the-osaka-world-expo-2025-and-participates-at-the-first-international-planning-meeting-2022\/#article","isPartOf":{"@id":"https:\/\/panakobeconsulate.jp\/the-republic-of-panama-confirms-its-participation-at-the-osaka-world-expo-2025-and-participates-at-the-first-international-planning-meeting-2022\/"},"author":{"name":"jferrada","@id":"https:\/\/panakobeconsulate.jp\/ja\/#\/schema\/person\/367c3fc104e92f2878ce74a873af70fb"},"headline":"The Republic of Panama confirms its participation at the Osaka World Expo 2025 and participates at the first International Planning Meeting 2022.","datePublished":"2022-10-22T22:52:00+00:00","dateModified":"2023-10-18T23:22:58+00:00","mainEntityOfPage":{"@id":"https:\/\/panakobeconsulate.jp\/the-republic-of-panama-confirms-its-participation-at-the-osaka-world-expo-2025-and-participates-at-the-first-international-planning-meeting-2022\/"},"wordCount":121,"commentCount":0,"publisher":{"@id":"https:\/\/panakobeconsulate.jp\/ja\/#organization"},"image":{"@id":"https:\/\/panakobeconsulate.jp\/the-republic-of-panama-confirms-its-participation-at-the-osaka-world-expo-2025-and-participates-at-the-first-international-planning-meeting-2022\/#primaryimage"},"thumbnailUrl":"https:\/\/panakobeconsulate.jp\/wp-content\/uploads\/2023\/10\/IMG_4874-scaled.jpg","articleSection":["CONSULATE NEWS"],"inLanguage":"es"},{"@type":"WebPage","@id":"https:\/\/panakobeconsulate.jp\/the-republic-of-panama-confirms-its-participation-at-the-osaka-world-expo-2025-and-participates-at-the-first-international-planning-meeting-2022\/","url":"https:\/\/panakobeconsulate.jp\/the-republic-of-panama-confirms-its-participation-at-the-osaka-world-expo-2025-and-participates-at-the-first-international-planning-meeting-2022\/","name":"The Republic of Panama confirms its participation at the Osaka World Expo 2025 and participates at the first International Planning Meeting 2022. - Consulado General de Panama en Kobe, Jap\u00f3n","isPartOf":{"@id":"https:\/\/panakobeconsulate.jp\/ja\/#website"},"primaryImageOfPage":{"@id":"https:\/\/panakobeconsulate.jp\/the-republic-of-panama-confirms-its-participation-at-the-osaka-world-expo-2025-and-participates-at-the-first-international-planning-meeting-2022\/#primaryimage"},"image":{"@id":"https:\/\/panakobeconsulate.jp\/the-republic-of-panama-confirms-its-participation-at-the-osaka-world-expo-2025-and-participates-at-the-first-international-planning-meeting-2022\/#primaryimage"},"thumbnailUrl":"https:\/\/panakobeconsulate.jp\/wp-content\/uploads\/2023\/10\/IMG_4874-scaled.jpg","datePublished":"2022-10-22T22:52:00+00:00","dateModified":"2023-10-18T23:22:58+00:00","breadcrumb":{"@id":"https:\/\/panakobeconsulate.jp\/the-republic-of-panama-confirms-its-participation-at-the-osaka-world-expo-2025-and-participates-at-the-first-international-planning-meeting-2022\/#breadcrumb"},"inLanguage":"es","potentialAction":[{"@type":"ReadAction","target":["https:\/\/panakobeconsulate.jp\/the-republic-of-panama-confirms-its-participation-at-the-osaka-world-expo-2025-and-participates-at-the-first-international-planning-meeting-2022\/"]}]},{"@type":"ImageObject","inLanguage":"es","@id":"https:\/\/panakobeconsulate.jp\/the-republic-of-panama-confirms-its-participation-at-the-osaka-world-expo-2025-and-participates-at-the-first-international-planning-meeting-2022\/#primaryimage","url":"https:\/\/panakobeconsulate.jp\/wp-content\/uploads\/2023\/10\/IMG_4874-scaled.jpg","contentUrl":"https:\/\/panakobeconsulate.jp\/wp-content\/uploads\/2023\/10\/IMG_4874-scaled.jpg","width":2560,"height":1920},{"@type":"BreadcrumbList","@id":"https:\/\/panakobeconsulate.jp\/the-republic-of-panama-confirms-its-participation-at-the-osaka-world-expo-2025-and-participates-at-the-first-international-planning-meeting-2022\/#breadcrumb","itemListElement":[{"@type":"ListItem","position":1,"name":"Portada","item":"https:\/\/panakobeconsulate.jp\/ja\/"},{"@type":"ListItem","position":2,"name":"The Republic of Panama confirms its participation at the Osaka World Expo 2025 and participates at the first International Planning Meeting 2022."}]},{"@type":"WebSite","@id":"https:\/\/panakobeconsulate.jp\/ja\/#website","url":"https:\/\/panakobeconsulate.jp\/ja\/","name":"Consulado General de Panama en Kobe, Jap\u00f3n","description":"Consulado Panama","publisher":{"@id":"https:\/\/panakobeconsulate.jp\/ja\/#organization"},"potentialAction":[{"@type":"SearchAction","target":{"@type":"EntryPoint","urlTemplate":"https:\/\/panakobeconsulate.jp\/ja\/?s={search_term_string}"},"query-input":{"@type":"PropertyValueSpecification","valueRequired":true,"valueName":"search_term_string"}}],"inLanguage":"es"},{"@type":"Organization","@id":"https:\/\/panakobeconsulate.jp\/ja\/#organization","name":"Consulado General de Panama en Kobe, Jap\u00f3n","url":"https:\/\/panakobeconsulate.jp\/ja\/","logo":{"@type":"ImageObject","inLanguage":"es","@id":"https:\/\/panakobeconsulate.jp\/ja\/#\/schema\/logo\/image\/","url":"https:\/\/panakobeconsulate.jp\/wp-content\/uploads\/2023\/08\/LOGO-MINREX-150.png","contentUrl":"https:\/\/panakobeconsulate.jp\/wp-content\/uploads\/2023\/08\/LOGO-MINREX-150.png","width":518,"height":150,"caption":"Consulado General de Panama en Kobe, Jap\u00f3n"},"image":{"@id":"https:\/\/panakobeconsulate.jp\/ja\/#\/schema\/logo\/image\/"}},{"@type":"Person","@id":"https:\/\/panakobeconsulate.jp\/ja\/#\/schema\/person\/367c3fc104e92f2878ce74a873af70fb","name":"jferrada","image":{"@type":"ImageObject","inLanguage":"es","@id":"https:\/\/panakobeconsulate.jp\/ja\/#\/schema\/person\/image\/","url":"https:\/\/secure.gravatar.com\/avatar\/15a972c1a8b4626419cd73d9b6169d333417b1199613ad72ef45fca17745308b?s=96&d=mm&r=g","contentUrl":"https:\/\/secure.gravatar.com\/avatar\/15a972c1a8b4626419cd73d9b6169d333417b1199613ad72ef45fca17745308b?s=96&d=mm&r=g","caption":"jferrada"},"sameAs":["https:\/\/panakobeconsulate.jp"],"url":"https:\/\/panakobeconsulate.jp\/es\/author\/jferrada\/"}]}},"_links":{"self":[{"href":"https:\/\/panakobeconsulate.jp\/es\/wp-json\/wp\/v2\/posts\/2157","targetHints":{"allow":["GET"]}}],"collection":[{"href":"https:\/\/panakobeconsulate.jp\/es\/wp-json\/wp\/v2\/posts"}],"about":[{"href":"https:\/\/panakobeconsulate.jp\/es\/wp-json\/wp\/v2\/types\/post"}],"author":[{"embeddable":true,"href":"https:\/\/panakobeconsulate.jp\/es\/wp-json\/wp\/v2\/users\/1"}],"replies":[{"embeddable":true,"href":"https:\/\/panakobeconsulate.jp\/es\/wp-json\/wp\/v2\/comments?post=2157"}],"version-history":[{"count":1,"href":"https:\/\/panakobeconsulate.jp\/es\/wp-json\/wp\/v2\/posts\/2157\/revisions"}],"predecessor-version":[{"id":2162,"href":"https:\/\/panakobeconsulate.jp\/es\/wp-json\/wp\/v2\/posts\/2157\/revisions\/2162"}],"wp:featuredmedia":[{"embeddable":true,"href":"https:\/\/panakobeconsulate.jp\/es\/wp-json\/wp\/v2\/media\/2158"}],"wp:attachment":[{"href":"https:\/\/panakobeconsulate.jp\/es\/wp-json\/wp\/v2\/media?parent=2157"}],"wp:term":[{"taxonomy":"category","embeddable":true,"href":"https:\/\/panakobeconsulate.jp\/es\/wp-json\/wp\/v2\/categories?post=2157"},{"taxonomy":"post_tag","embeddable":true,"href":"https:\/\/panakobeconsulate.jp\/es\/wp-json\/wp\/v2\/tags?post=2157"}],"curies":[{"name":"wp","href":"https:\/\/api.w.org\/{rel}","templated":true}]}}