{"id":2147,"date":"2022-02-01T15:39:00","date_gmt":"2022-02-01T20:39:00","guid":{"rendered":"https:\/\/panakobeconsulate.jp\/?p=2147"},"modified":"2023-10-17T15:41:52","modified_gmt":"2023-10-17T20:41:52","slug":"working-meeting-for-purpose-of-enhancing-panamas-academic-and-cultural-ties-in-kansai","status":"publish","type":"post","link":"https:\/\/panakobeconsulate.jp\/es\/working-meeting-for-purpose-of-enhancing-panamas-academic-and-cultural-ties-in-kansai\/","title":{"rendered":"Reuni\u00f3n de trabajo con prop\u00f3sito de potenciar v\u00ednculos acad\u00e9micos y culturales de Panam\u00e1 en Kansai"},"content":{"rendered":"<p>El C\u00f3nsul General de la Rep\u00fablica de Panam\u00e1, se\u00f1or V\u00edctor J. Almengor C., sostuvo una reuni\u00f3n con el nuevo Embajador del Ministerio de Relaciones Exteriores de Jap\u00f3n para el \u00c1rea de Kansai, Su Excelencia Tsutomu Himeno.  <\/p>\n\n\n\n<p>En el encuentro se discutieron diversos aspectos de la actividad acad\u00e9mica y cultural de Panam\u00e1 en la zona de Kansai, incluida la posibilidad de reconsiderar la participaci\u00f3n de la Rep\u00fablica de Panam\u00e1 en la Exposici\u00f3n Mundial Osaka 2025. Al respecto, el C\u00f3nsul General indic\u00f3 que, en vista de que Panam\u00e1 finalmente ha podido realizar un control efectivo de la pandemia, estar\u00eda dispuesto a retomar este tema con el Gobierno de Panam\u00e1 a fin de brindar una confirmaci\u00f3n positiva sobre la futura participaci\u00f3n de Panam\u00e1 en la Feria Mundial de 2025. <\/p>\n\n\n\n<figure class=\"wp-block-image size-large\"><img fetchpriority=\"high\" decoding=\"async\" width=\"1024\" height=\"768\" src=\"https:\/\/panakobeconsulate.jp\/wp-content\/uploads\/2023\/10\/IMG_5315-1024x768.jpg\" alt=\"\" class=\"wp-image-2149\" srcset=\"https:\/\/panakobeconsulate.jp\/wp-content\/uploads\/2023\/10\/IMG_5315-1024x768.jpg 1024w, https:\/\/panakobeconsulate.jp\/wp-content\/uploads\/2023\/10\/IMG_5315-300x225.jpg 300w, https:\/\/panakobeconsulate.jp\/wp-content\/uploads\/2023\/10\/IMG_5315-768x576.jpg 768w, https:\/\/panakobeconsulate.jp\/wp-content\/uploads\/2023\/10\/IMG_5315-1536x1152.jpg 1536w, https:\/\/panakobeconsulate.jp\/wp-content\/uploads\/2023\/10\/IMG_5315-2048x1536.jpg 2048w, https:\/\/panakobeconsulate.jp\/wp-content\/uploads\/2023\/10\/IMG_5315-16x12.jpg 16w\" sizes=\"(max-width: 1024px) 100vw, 1024px\" \/><\/figure>","protected":false},"excerpt":{"rendered":"<p>El C\u00f3nsul General de la Rep\u00fablica de Panam\u00e1, se\u00f1or V\u00edctor J. Almengor C., sostuvo una reuni\u00f3n con el nuevo Embajador del Ministerio de Relaciones Exteriores de Jap\u00f3n para el \u00c1rea de Kansai, Su Excelencia Tsutomu Himeno. En el encuentro se discutieron diversos aspectos de la actividad acad\u00e9mica y cultural de Panam\u00e1 en el \u00e1rea de Kansai, incluyendo la [\u2026]<\/p>","protected":false},"author":1,"featured_media":2148,"comment_status":"open","ping_status":"open","sticky":false,"template":"","format":"standard","meta":{"_uf_show_specific_survey":0,"_uf_disable_surveys":false,"site-sidebar-layout":"default","site-content-layout":"","ast-site-content-layout":"default","site-content-style":"default","site-sidebar-style":"default","ast-global-header-display":"","ast-banner-title-visibility":"","ast-main-header-display":"","ast-hfb-above-header-display":"","ast-hfb-below-header-display":"","ast-hfb-mobile-header-display":"","site-post-title":"","ast-breadcrumbs-content":"","ast-featured-img":"","footer-sml-layout":"","ast-disable-related-posts":"","theme-transparent-header-meta":"","adv-header-id-meta":"","stick-header-meta":"","header-above-stick-meta":"","header-main-stick-meta":"","header-below-stick-meta":"","astra-migrate-meta-layouts":"default","ast-page-background-enabled":"default","ast-page-background-meta":{"desktop":{"background-color":"var(--ast-global-color-4)","background-image":"","background-repeat":"repeat","background-position":"center center","background-size":"auto","background-attachment":"scroll","background-type":"","background-media":"","overlay-type":"","overlay-color":"","overlay-opacity":"","overlay-gradient":""},"tablet":{"background-color":"","background-image":"","background-repeat":"repeat","background-position":"center center","background-size":"auto","background-attachment":"scroll","background-type":"","background-media":"","overlay-type":"","overlay-color":"","overlay-opacity":"","overlay-gradient":""},"mobile":{"background-color":"","background-image":"","background-repeat":"repeat","background-position":"center center","background-size":"auto","background-attachment":"scroll","background-type":"","background-media":"","overlay-type":"","overlay-color":"","overlay-opacity":"","overlay-gradient":""}},"ast-content-background-meta":{"desktop":{"background-color":"var(--ast-global-color-5)","background-image":"","background-repeat":"repeat","background-position":"center center","background-size":"auto","background-attachment":"scroll","background-type":"","background-media":"","overlay-type":"","overlay-color":"","overlay-opacity":"","overlay-gradient":""},"tablet":{"background-color":"var(--ast-global-color-5)","background-image":"","background-repeat":"repeat","background-position":"center center","background-size":"auto","background-attachment":"scroll","background-type":"","background-media":"","overlay-type":"","overlay-color":"","overlay-opacity":"","overlay-gradient":""},"mobile":{"background-color":"var(--ast-global-color-5)","background-image":"","background-repeat":"repeat","background-position":"center center","background-size":"auto","background-attachment":"scroll","background-type":"","background-media":"","overlay-type":"","overlay-color":"","overlay-opacity":"","overlay-gradient":""}},"footnotes":""},"categories":[1],"tags":[],"class_list":["post-2147","post","type-post","status-publish","format-standard","has-post-thumbnail","hentry","category-consulate-news"],"yoast_head":"<!-- This site is optimized with the Yoast SEO Premium plugin v26.5 (Yoast SEO v26.5) - https:\/\/yoast.com\/wordpress\/plugins\/seo\/ -->\n<title>Working meeting for purpose of enhancing Panama\u2019s academic and cultural ties in Kansai - Consulado General de Panama en Kobe, Jap\u00f3n<\/title>\n<meta name=\"robots\" content=\"index, follow, max-snippet:-1, max-image-preview:large, max-video-preview:-1\" \/>\n<link rel=\"canonical\" href=\"https:\/\/panakobeconsulate.jp\/es\/working-meeting-for-purpose-of-enhancing-panamas-academic-and-cultural-ties-in-kansai\/\" \/>\n<meta property=\"og:locale\" content=\"es_ES\" \/>\n<meta property=\"og:type\" content=\"article\" \/>\n<meta property=\"og:title\" content=\"Working meeting for purpose of enhancing Panama\u2019s academic and cultural ties in Kansai\" \/>\n<meta property=\"og:description\" content=\"The Consul General of the Republic of Panama, Mr. V\u00edctor J. Almengor C., held a meeting with the new Ambassador of the Ministry of Foreign Affairs of Japan for the Kansai Area, His Excellency Tsutomu Himeno. At the meeting, various aspects of Panama&#8217;s academic and cultural activities in the Kansai area were discussed, including the [&hellip;]\" \/>\n<meta property=\"og:url\" content=\"https:\/\/panakobeconsulate.jp\/es\/working-meeting-for-purpose-of-enhancing-panamas-academic-and-cultural-ties-in-kansai\/\" \/>\n<meta property=\"og:site_name\" content=\"Consulado General de Panama en Kobe, Jap\u00f3n\" \/>\n<meta property=\"article:published_time\" content=\"2022-02-01T20:39:00+00:00\" \/>\n<meta property=\"article:modified_time\" content=\"2023-10-17T20:41:52+00:00\" \/>\n<meta property=\"og:image\" content=\"https:\/\/panakobeconsulate.jp\/wp-content\/uploads\/2023\/10\/image002-2-scaled-e1697575428536.jpg\" \/>\n\t<meta property=\"og:image:width\" content=\"1920\" \/>\n\t<meta property=\"og:image:height\" content=\"1173\" \/>\n\t<meta property=\"og:image:type\" content=\"image\/jpeg\" \/>\n<meta name=\"author\" content=\"jferrada\" \/>\n<meta name=\"twitter:card\" content=\"summary_large_image\" \/>\n<meta name=\"twitter:label1\" content=\"Escrito por\" \/>\n\t<meta name=\"twitter:data1\" content=\"jferrada\" \/>\n\t<meta name=\"twitter:label2\" content=\"Tiempo de lectura\" \/>\n\t<meta name=\"twitter:data2\" content=\"1 minuto\" \/>\n<script type=\"application\/ld+json\" class=\"yoast-schema-graph\">{\"@context\":\"https:\/\/schema.org\",\"@graph\":[{\"@type\":\"Article\",\"@id\":\"https:\/\/panakobeconsulate.jp\/working-meeting-for-purpose-of-enhancing-panamas-academic-and-cultural-ties-in-kansai\/#article\",\"isPartOf\":{\"@id\":\"https:\/\/panakobeconsulate.jp\/working-meeting-for-purpose-of-enhancing-panamas-academic-and-cultural-ties-in-kansai\/\"},\"author\":{\"name\":\"jferrada\",\"@id\":\"https:\/\/panakobeconsulate.jp\/ja\/#\/schema\/person\/367c3fc104e92f2878ce74a873af70fb\"},\"headline\":\"Working meeting for purpose of enhancing Panama\u2019s academic and cultural ties in Kansai\",\"datePublished\":\"2022-02-01T20:39:00+00:00\",\"dateModified\":\"2023-10-17T20:41:52+00:00\",\"mainEntityOfPage\":{\"@id\":\"https:\/\/panakobeconsulate.jp\/working-meeting-for-purpose-of-enhancing-panamas-academic-and-cultural-ties-in-kansai\/\"},\"wordCount\":145,\"commentCount\":0,\"publisher\":{\"@id\":\"https:\/\/panakobeconsulate.jp\/ja\/#organization\"},\"image\":{\"@id\":\"https:\/\/panakobeconsulate.jp\/working-meeting-for-purpose-of-enhancing-panamas-academic-and-cultural-ties-in-kansai\/#primaryimage\"},\"thumbnailUrl\":\"https:\/\/panakobeconsulate.jp\/wp-content\/uploads\/2023\/10\/image002-2-scaled-e1697575428536.jpg\",\"articleSection\":[\"CONSULATE NEWS\"],\"inLanguage\":\"es\"},{\"@type\":\"WebPage\",\"@id\":\"https:\/\/panakobeconsulate.jp\/working-meeting-for-purpose-of-enhancing-panamas-academic-and-cultural-ties-in-kansai\/\",\"url\":\"https:\/\/panakobeconsulate.jp\/working-meeting-for-purpose-of-enhancing-panamas-academic-and-cultural-ties-in-kansai\/\",\"name\":\"Working meeting for purpose of enhancing Panama\u2019s academic and cultural ties in Kansai - Consulado General de Panama en Kobe, Jap\u00f3n\",\"isPartOf\":{\"@id\":\"https:\/\/panakobeconsulate.jp\/ja\/#website\"},\"primaryImageOfPage\":{\"@id\":\"https:\/\/panakobeconsulate.jp\/working-meeting-for-purpose-of-enhancing-panamas-academic-and-cultural-ties-in-kansai\/#primaryimage\"},\"image\":{\"@id\":\"https:\/\/panakobeconsulate.jp\/working-meeting-for-purpose-of-enhancing-panamas-academic-and-cultural-ties-in-kansai\/#primaryimage\"},\"thumbnailUrl\":\"https:\/\/panakobeconsulate.jp\/wp-content\/uploads\/2023\/10\/image002-2-scaled-e1697575428536.jpg\",\"datePublished\":\"2022-02-01T20:39:00+00:00\",\"dateModified\":\"2023-10-17T20:41:52+00:00\",\"breadcrumb\":{\"@id\":\"https:\/\/panakobeconsulate.jp\/working-meeting-for-purpose-of-enhancing-panamas-academic-and-cultural-ties-in-kansai\/#breadcrumb\"},\"inLanguage\":\"es\",\"potentialAction\":[{\"@type\":\"ReadAction\",\"target\":[\"https:\/\/panakobeconsulate.jp\/working-meeting-for-purpose-of-enhancing-panamas-academic-and-cultural-ties-in-kansai\/\"]}]},{\"@type\":\"ImageObject\",\"inLanguage\":\"es\",\"@id\":\"https:\/\/panakobeconsulate.jp\/working-meeting-for-purpose-of-enhancing-panamas-academic-and-cultural-ties-in-kansai\/#primaryimage\",\"url\":\"https:\/\/panakobeconsulate.jp\/wp-content\/uploads\/2023\/10\/image002-2-scaled-e1697575428536.jpg\",\"contentUrl\":\"https:\/\/panakobeconsulate.jp\/wp-content\/uploads\/2023\/10\/image002-2-scaled-e1697575428536.jpg\",\"width\":1920,\"height\":1173},{\"@type\":\"BreadcrumbList\",\"@id\":\"https:\/\/panakobeconsulate.jp\/working-meeting-for-purpose-of-enhancing-panamas-academic-and-cultural-ties-in-kansai\/#breadcrumb\",\"itemListElement\":[{\"@type\":\"ListItem\",\"position\":1,\"name\":\"Portada\",\"item\":\"https:\/\/panakobeconsulate.jp\/ja\/\"},{\"@type\":\"ListItem\",\"position\":2,\"name\":\"Working meeting for purpose of enhancing Panama\u2019s academic and cultural ties in Kansai\"}]},{\"@type\":\"WebSite\",\"@id\":\"https:\/\/panakobeconsulate.jp\/ja\/#website\",\"url\":\"https:\/\/panakobeconsulate.jp\/ja\/\",\"name\":\"Consulado General de Panama en Kobe, Jap\u00f3n\",\"description\":\"Consulado Panama\",\"publisher\":{\"@id\":\"https:\/\/panakobeconsulate.jp\/ja\/#organization\"},\"potentialAction\":[{\"@type\":\"SearchAction\",\"target\":{\"@type\":\"EntryPoint\",\"urlTemplate\":\"https:\/\/panakobeconsulate.jp\/ja\/?s={search_term_string}\"},\"query-input\":{\"@type\":\"PropertyValueSpecification\",\"valueRequired\":true,\"valueName\":\"search_term_string\"}}],\"inLanguage\":\"es\"},{\"@type\":\"Organization\",\"@id\":\"https:\/\/panakobeconsulate.jp\/ja\/#organization\",\"name\":\"Consulado General de Panama en Kobe, Jap\u00f3n\",\"url\":\"https:\/\/panakobeconsulate.jp\/ja\/\",\"logo\":{\"@type\":\"ImageObject\",\"inLanguage\":\"es\",\"@id\":\"https:\/\/panakobeconsulate.jp\/ja\/#\/schema\/logo\/image\/\",\"url\":\"https:\/\/panakobeconsulate.jp\/wp-content\/uploads\/2023\/08\/LOGO-MINREX-150.png\",\"contentUrl\":\"https:\/\/panakobeconsulate.jp\/wp-content\/uploads\/2023\/08\/LOGO-MINREX-150.png\",\"width\":518,\"height\":150,\"caption\":\"Consulado General de Panama en Kobe, Jap\u00f3n\"},\"image\":{\"@id\":\"https:\/\/panakobeconsulate.jp\/ja\/#\/schema\/logo\/image\/\"}},{\"@type\":\"Person\",\"@id\":\"https:\/\/panakobeconsulate.jp\/ja\/#\/schema\/person\/367c3fc104e92f2878ce74a873af70fb\",\"name\":\"jferrada\",\"image\":{\"@type\":\"ImageObject\",\"inLanguage\":\"es\",\"@id\":\"https:\/\/panakobeconsulate.jp\/ja\/#\/schema\/person\/image\/\",\"url\":\"https:\/\/secure.gravatar.com\/avatar\/15a972c1a8b4626419cd73d9b6169d333417b1199613ad72ef45fca17745308b?s=96&d=mm&r=g\",\"contentUrl\":\"https:\/\/secure.gravatar.com\/avatar\/15a972c1a8b4626419cd73d9b6169d333417b1199613ad72ef45fca17745308b?s=96&d=mm&r=g\",\"caption\":\"jferrada\"},\"sameAs\":[\"https:\/\/panakobeconsulate.jp\"],\"url\":\"https:\/\/panakobeconsulate.jp\/es\/author\/jferrada\/\"}]}<\/script>\n<!-- \/ Yoast SEO Premium plugin. -->","yoast_head_json":{"title":"Working meeting for purpose of enhancing Panama\u2019s academic and cultural ties in Kansai - Consulado General de Panama en Kobe, Jap\u00f3n","robots":{"index":"index","follow":"follow","max-snippet":"max-snippet:-1","max-image-preview":"max-image-preview:large","max-video-preview":"max-video-preview:-1"},"canonical":"https:\/\/panakobeconsulate.jp\/es\/working-meeting-for-purpose-of-enhancing-panamas-academic-and-cultural-ties-in-kansai\/","og_locale":"es_ES","og_type":"article","og_title":"Working meeting for purpose of enhancing Panama\u2019s academic and cultural ties in Kansai","og_description":"The Consul General of the Republic of Panama, Mr. V\u00edctor J. Almengor C., held a meeting with the new Ambassador of the Ministry of Foreign Affairs of Japan for the Kansai Area, His Excellency Tsutomu Himeno. At the meeting, various aspects of Panama&#8217;s academic and cultural activities in the Kansai area were discussed, including the [&hellip;]","og_url":"https:\/\/panakobeconsulate.jp\/es\/working-meeting-for-purpose-of-enhancing-panamas-academic-and-cultural-ties-in-kansai\/","og_site_name":"Consulado General de Panama en Kobe, Jap\u00f3n","article_published_time":"2022-02-01T20:39:00+00:00","article_modified_time":"2023-10-17T20:41:52+00:00","og_image":[{"width":1920,"height":1173,"url":"https:\/\/panakobeconsulate.jp\/wp-content\/uploads\/2023\/10\/image002-2-scaled-e1697575428536.jpg","type":"image\/jpeg"}],"author":"jferrada","twitter_card":"summary_large_image","twitter_misc":{"Escrito por":"jferrada","Tiempo de lectura":"1 minuto"},"schema":{"@context":"https:\/\/schema.org","@graph":[{"@type":"Article","@id":"https:\/\/panakobeconsulate.jp\/working-meeting-for-purpose-of-enhancing-panamas-academic-and-cultural-ties-in-kansai\/#article","isPartOf":{"@id":"https:\/\/panakobeconsulate.jp\/working-meeting-for-purpose-of-enhancing-panamas-academic-and-cultural-ties-in-kansai\/"},"author":{"name":"jferrada","@id":"https:\/\/panakobeconsulate.jp\/ja\/#\/schema\/person\/367c3fc104e92f2878ce74a873af70fb"},"headline":"Working meeting for purpose of enhancing Panama\u2019s academic and cultural ties in Kansai","datePublished":"2022-02-01T20:39:00+00:00","dateModified":"2023-10-17T20:41:52+00:00","mainEntityOfPage":{"@id":"https:\/\/panakobeconsulate.jp\/working-meeting-for-purpose-of-enhancing-panamas-academic-and-cultural-ties-in-kansai\/"},"wordCount":145,"commentCount":0,"publisher":{"@id":"https:\/\/panakobeconsulate.jp\/ja\/#organization"},"image":{"@id":"https:\/\/panakobeconsulate.jp\/working-meeting-for-purpose-of-enhancing-panamas-academic-and-cultural-ties-in-kansai\/#primaryimage"},"thumbnailUrl":"https:\/\/panakobeconsulate.jp\/wp-content\/uploads\/2023\/10\/image002-2-scaled-e1697575428536.jpg","articleSection":["CONSULATE NEWS"],"inLanguage":"es"},{"@type":"WebPage","@id":"https:\/\/panakobeconsulate.jp\/working-meeting-for-purpose-of-enhancing-panamas-academic-and-cultural-ties-in-kansai\/","url":"https:\/\/panakobeconsulate.jp\/working-meeting-for-purpose-of-enhancing-panamas-academic-and-cultural-ties-in-kansai\/","name":"Working meeting for purpose of enhancing Panama\u2019s academic and cultural ties in Kansai - Consulado General de Panama en Kobe, Jap\u00f3n","isPartOf":{"@id":"https:\/\/panakobeconsulate.jp\/ja\/#website"},"primaryImageOfPage":{"@id":"https:\/\/panakobeconsulate.jp\/working-meeting-for-purpose-of-enhancing-panamas-academic-and-cultural-ties-in-kansai\/#primaryimage"},"image":{"@id":"https:\/\/panakobeconsulate.jp\/working-meeting-for-purpose-of-enhancing-panamas-academic-and-cultural-ties-in-kansai\/#primaryimage"},"thumbnailUrl":"https:\/\/panakobeconsulate.jp\/wp-content\/uploads\/2023\/10\/image002-2-scaled-e1697575428536.jpg","datePublished":"2022-02-01T20:39:00+00:00","dateModified":"2023-10-17T20:41:52+00:00","breadcrumb":{"@id":"https:\/\/panakobeconsulate.jp\/working-meeting-for-purpose-of-enhancing-panamas-academic-and-cultural-ties-in-kansai\/#breadcrumb"},"inLanguage":"es","potentialAction":[{"@type":"ReadAction","target":["https:\/\/panakobeconsulate.jp\/working-meeting-for-purpose-of-enhancing-panamas-academic-and-cultural-ties-in-kansai\/"]}]},{"@type":"ImageObject","inLanguage":"es","@id":"https:\/\/panakobeconsulate.jp\/working-meeting-for-purpose-of-enhancing-panamas-academic-and-cultural-ties-in-kansai\/#primaryimage","url":"https:\/\/panakobeconsulate.jp\/wp-content\/uploads\/2023\/10\/image002-2-scaled-e1697575428536.jpg","contentUrl":"https:\/\/panakobeconsulate.jp\/wp-content\/uploads\/2023\/10\/image002-2-scaled-e1697575428536.jpg","width":1920,"height":1173},{"@type":"BreadcrumbList","@id":"https:\/\/panakobeconsulate.jp\/working-meeting-for-purpose-of-enhancing-panamas-academic-and-cultural-ties-in-kansai\/#breadcrumb","itemListElement":[{"@type":"ListItem","position":1,"name":"Portada","item":"https:\/\/panakobeconsulate.jp\/ja\/"},{"@type":"ListItem","position":2,"name":"Working meeting for purpose of enhancing Panama\u2019s academic and cultural ties in Kansai"}]},{"@type":"WebSite","@id":"https:\/\/panakobeconsulate.jp\/ja\/#website","url":"https:\/\/panakobeconsulate.jp\/ja\/","name":"Consulado General de Panama en Kobe, Jap\u00f3n","description":"Consulado Panama","publisher":{"@id":"https:\/\/panakobeconsulate.jp\/ja\/#organization"},"potentialAction":[{"@type":"SearchAction","target":{"@type":"EntryPoint","urlTemplate":"https:\/\/panakobeconsulate.jp\/ja\/?s={search_term_string}"},"query-input":{"@type":"PropertyValueSpecification","valueRequired":true,"valueName":"search_term_string"}}],"inLanguage":"es"},{"@type":"Organization","@id":"https:\/\/panakobeconsulate.jp\/ja\/#organization","name":"Consulado General de Panama en Kobe, Jap\u00f3n","url":"https:\/\/panakobeconsulate.jp\/ja\/","logo":{"@type":"ImageObject","inLanguage":"es","@id":"https:\/\/panakobeconsulate.jp\/ja\/#\/schema\/logo\/image\/","url":"https:\/\/panakobeconsulate.jp\/wp-content\/uploads\/2023\/08\/LOGO-MINREX-150.png","contentUrl":"https:\/\/panakobeconsulate.jp\/wp-content\/uploads\/2023\/08\/LOGO-MINREX-150.png","width":518,"height":150,"caption":"Consulado General de Panama en Kobe, Jap\u00f3n"},"image":{"@id":"https:\/\/panakobeconsulate.jp\/ja\/#\/schema\/logo\/image\/"}},{"@type":"Person","@id":"https:\/\/panakobeconsulate.jp\/ja\/#\/schema\/person\/367c3fc104e92f2878ce74a873af70fb","name":"jferrada","image":{"@type":"ImageObject","inLanguage":"es","@id":"https:\/\/panakobeconsulate.jp\/ja\/#\/schema\/person\/image\/","url":"https:\/\/secure.gravatar.com\/avatar\/15a972c1a8b4626419cd73d9b6169d333417b1199613ad72ef45fca17745308b?s=96&d=mm&r=g","contentUrl":"https:\/\/secure.gravatar.com\/avatar\/15a972c1a8b4626419cd73d9b6169d333417b1199613ad72ef45fca17745308b?s=96&d=mm&r=g","caption":"jferrada"},"sameAs":["https:\/\/panakobeconsulate.jp"],"url":"https:\/\/panakobeconsulate.jp\/es\/author\/jferrada\/"}]}},"_links":{"self":[{"href":"https:\/\/panakobeconsulate.jp\/es\/wp-json\/wp\/v2\/posts\/2147","targetHints":{"allow":["GET"]}}],"collection":[{"href":"https:\/\/panakobeconsulate.jp\/es\/wp-json\/wp\/v2\/posts"}],"about":[{"href":"https:\/\/panakobeconsulate.jp\/es\/wp-json\/wp\/v2\/types\/post"}],"author":[{"embeddable":true,"href":"https:\/\/panakobeconsulate.jp\/es\/wp-json\/wp\/v2\/users\/1"}],"replies":[{"embeddable":true,"href":"https:\/\/panakobeconsulate.jp\/es\/wp-json\/wp\/v2\/comments?post=2147"}],"version-history":[{"count":1,"href":"https:\/\/panakobeconsulate.jp\/es\/wp-json\/wp\/v2\/posts\/2147\/revisions"}],"predecessor-version":[{"id":2150,"href":"https:\/\/panakobeconsulate.jp\/es\/wp-json\/wp\/v2\/posts\/2147\/revisions\/2150"}],"wp:featuredmedia":[{"embeddable":true,"href":"https:\/\/panakobeconsulate.jp\/es\/wp-json\/wp\/v2\/media\/2148"}],"wp:attachment":[{"href":"https:\/\/panakobeconsulate.jp\/es\/wp-json\/wp\/v2\/media?parent=2147"}],"wp:term":[{"taxonomy":"category","embeddable":true,"href":"https:\/\/panakobeconsulate.jp\/es\/wp-json\/wp\/v2\/categories?post=2147"},{"taxonomy":"post_tag","embeddable":true,"href":"https:\/\/panakobeconsulate.jp\/es\/wp-json\/wp\/v2\/tags?post=2147"}],"curies":[{"name":"wp","href":"https:\/\/api.w.org\/{rel}","templated":true}]}}